{"id":82594,"date":"2020-03-25T19:24:27","date_gmt":"2020-03-25T19:24:27","guid":{"rendered":"http:\/\/192.168.64.2\/fr\/index.php\/2020\/03\/25\/le-president-de-la-republique-recoit-une-communication-telephonique-de-son-homologue-algerien\/"},"modified":"2022-07-05T01:38:18","modified_gmt":"2022-07-05T01:38:18","slug":"le-president-de-la-republique-recoit-une-communication-telephonique-de-son-homologue-algerien","status":"publish","type":"post","link":"https:\/\/ami.mr\/fr\/archives\/82594","title":{"rendered":"Le Pr\u00e9sident de la R\u00e9publique re\u00e7oit une communication t\u00e9l\u00e9phonique de son homologue alg\u00e9rien"},"content":{"rendered":"<p>Son Excellence le Pr\u00e9sident de la R\u00e9publique, M. Mohamed Ould Cheikh El Ghazouani, a re\u00e7u une communication t\u00e9l\u00e9phonique de son fr\u00e8re le Pr\u00e9sident alg\u00e9rien, Son Excellence M. Abdelmadjid Tebboun.<\/p>\n<p>Les entretiens entre les deux pr\u00e9sidents ont port\u00e9 sur l\u2019\u00e9volution de la propagation du coronavirus dans les deux pays. Ils ont, \u00e9galement, \u00e9t\u00e9 l\u2019occasion pour eux d\u2019exprimer leur solidarit\u00e9 et leur volont\u00e9 de conjuguer leurs efforts pour faire face \u00e0 cette pand\u00e9mie de mani\u00e8re \u00e0 pr\u00e9server la sant\u00e9 des citoyens des deux pays fr\u00e8res.<\/p>\n<p>Les deux pr\u00e9sidents ont, par ailleurs, \u00e9chang\u00e9 leurs points de vue sur les diff\u00e9rentes questions les relations internationales et r\u00e9gionales, particuli\u00e8rement celles relatives au Maghreb Arabe.<\/p>\n","protected":false},"excerpt":{"rendered":"<p>Son Excellence le Pr\u00e9sident de la R\u00e9publique, M. Mohamed Ould Cheikh El Ghazouani, a re\u00e7u une communication t\u00e9l\u00e9phonique de son fr\u00e8re le Pr\u00e9sident alg\u00e9rien, Son Excellence M. Abdelmadjid Tebboun<\/p>\n","protected":false},"author":1,"featured_media":177443,"comment_status":"closed","ping_status":"closed","sticky":false,"template":"","format":"standard","meta":{"footnotes":""},"categories":[],"tags":[63991,63658,62476],"class_list":["post-82594","post","type-post","status-publish","format-standard","has-post-thumbnail","hentry","tag-activites-presidentielles","tag-ahmeds","tag-nouakchott"],"_links":{"self":[{"href":"https:\/\/ami.mr\/fr\/wp-json\/wp\/v2\/posts\/82594","targetHints":{"allow":["GET"]}}],"collection":[{"href":"https:\/\/ami.mr\/fr\/wp-json\/wp\/v2\/posts"}],"about":[{"href":"https:\/\/ami.mr\/fr\/wp-json\/wp\/v2\/types\/post"}],"author":[{"embeddable":true,"href":"https:\/\/ami.mr\/fr\/wp-json\/wp\/v2\/users\/1"}],"replies":[{"embeddable":true,"href":"https:\/\/ami.mr\/fr\/wp-json\/wp\/v2\/comments?post=82594"}],"version-history":[{"count":1,"href":"https:\/\/ami.mr\/fr\/wp-json\/wp\/v2\/posts\/82594\/revisions"}],"predecessor-version":[{"id":177442,"href":"https:\/\/ami.mr\/fr\/wp-json\/wp\/v2\/posts\/82594\/revisions\/177442"}],"wp:featuredmedia":[{"embeddable":true,"href":"https:\/\/ami.mr\/fr\/wp-json\/wp\/v2\/media\/177443"}],"wp:attachment":[{"href":"https:\/\/ami.mr\/fr\/wp-json\/wp\/v2\/media?parent=82594"}],"wp:term":[{"taxonomy":"category","embeddable":true,"href":"https:\/\/ami.mr\/fr\/wp-json\/wp\/v2\/categories?post=82594"},{"taxonomy":"post_tag","embeddable":true,"href":"https:\/\/ami.mr\/fr\/wp-json\/wp\/v2\/tags?post=82594"}],"curies":[{"name":"wp","href":"https:\/\/api.w.org\/{rel}","templated":true}]}}