{"id":82590,"date":"2020-03-25T16:36:17","date_gmt":"2020-03-25T16:36:17","guid":{"rendered":"http:\/\/192.168.64.2\/fr\/index.php\/2020\/03\/25\/nouadhibou-campagne-de-sensibilisation-sur-le-coronavirus\/"},"modified":"2022-07-05T01:38:10","modified_gmt":"2022-07-05T01:38:10","slug":"nouadhibou-campagne-de-sensibilisation-sur-le-coronavirus","status":"publish","type":"post","link":"https:\/\/ami.mr\/fr\/archives\/82590","title":{"rendered":"Nouadhibou : Campagne de sensibilisation sur le coronavirus"},"content":{"rendered":"<p>La d\u00e9l\u00e9gation r\u00e9gionale du minist\u00e8re de la Culture, de l&#8217;Artisanat de Nouadhibou a lanc\u00e9, mercredi, une campagne de sensibilisation pour lutter contre la propagation du virus Corona.<\/p>\n<p>Le d\u00e9l\u00e9gu\u00e9 r\u00e9gional, M. Mohamed El Mamy Ould Bou, a d\u00e9clar\u00e9 dans un mot pour la circonstance, que la campagne s\u2019inscrit dans le cadre de l\u2019action men\u00e9e par le minist\u00e8re de la Culture, de l&#8217;artisanat et des relations avec le Parlement, \u00e0 travers toutes ses d\u00e9l\u00e9gations, pour soutenir les efforts d\u00e9ploy\u00e9s par les hautes autorit\u00e9s du pays pour emp\u00eacher la propagation de ce virus.<\/p>\n<p>Il a ajout\u00e9 que la campagne comprend la formation d&#8217;\u00e9quipes pour sensibiliser la population dans les diff\u00e9rents quartiers de la ville sur le danger de ce virus.<\/p>\n<p>Ces \u00e9quipes sont dot\u00e9es des voitures, munis de haut-parleurs, qui parcourent les diff\u00e9rentes rues de la ville, expliquant les moyens de pr\u00e9vention, et distribuant de brochures d\u2019explication sur le coronavirus.<\/p>\n","protected":false},"excerpt":{"rendered":"<p>La d\u00e9l\u00e9gation r\u00e9gionale du minist\u00e8re de la Culture, de l&#8217;Artisanat de Nouadhibou a lanc\u00e9, mercredi, une campagne de sensibilisation pour lutter contre la propagation du virus Corona<\/p>\n","protected":false},"author":1,"featured_media":177439,"comment_status":"closed","ping_status":"closed","sticky":false,"template":"","format":"standard","meta":{"footnotes":""},"categories":[],"tags":[62482,62753,63995],"class_list":["post-82590","post","type-post","status-publish","format-standard","has-post-thumbnail","hentry","tag-nouadhibou","tag-rabani","tag-sante"],"_links":{"self":[{"href":"https:\/\/ami.mr\/fr\/wp-json\/wp\/v2\/posts\/82590","targetHints":{"allow":["GET"]}}],"collection":[{"href":"https:\/\/ami.mr\/fr\/wp-json\/wp\/v2\/posts"}],"about":[{"href":"https:\/\/ami.mr\/fr\/wp-json\/wp\/v2\/types\/post"}],"author":[{"embeddable":true,"href":"https:\/\/ami.mr\/fr\/wp-json\/wp\/v2\/users\/1"}],"replies":[{"embeddable":true,"href":"https:\/\/ami.mr\/fr\/wp-json\/wp\/v2\/comments?post=82590"}],"version-history":[{"count":1,"href":"https:\/\/ami.mr\/fr\/wp-json\/wp\/v2\/posts\/82590\/revisions"}],"predecessor-version":[{"id":177438,"href":"https:\/\/ami.mr\/fr\/wp-json\/wp\/v2\/posts\/82590\/revisions\/177438"}],"wp:featuredmedia":[{"embeddable":true,"href":"https:\/\/ami.mr\/fr\/wp-json\/wp\/v2\/media\/177439"}],"wp:attachment":[{"href":"https:\/\/ami.mr\/fr\/wp-json\/wp\/v2\/media?parent=82590"}],"wp:term":[{"taxonomy":"category","embeddable":true,"href":"https:\/\/ami.mr\/fr\/wp-json\/wp\/v2\/categories?post=82590"},{"taxonomy":"post_tag","embeddable":true,"href":"https:\/\/ami.mr\/fr\/wp-json\/wp\/v2\/tags?post=82590"}],"curies":[{"name":"wp","href":"https:\/\/api.w.org\/{rel}","templated":true}]}}