{"id":82588,"date":"2020-03-25T16:15:09","date_gmt":"2020-03-25T16:15:09","guid":{"rendered":"http:\/\/192.168.64.2\/fr\/index.php\/2020\/03\/25\/soudoud-creation-dune-caisse-de-solidarite-pour-les-plus-demunis\/"},"modified":"2022-07-05T01:38:07","modified_gmt":"2022-07-05T01:38:07","slug":"soudoud-creation-dune-caisse-de-solidarite-pour-les-plus-demunis","status":"publish","type":"post","link":"https:\/\/ami.mr\/fr\/archives\/82588","title":{"rendered":"Soudoud : Cr\u00e9ation d&#8217;une caisse de solidarit\u00e9 pour les plus d\u00e9munis"},"content":{"rendered":"<p>La commune de Soudoud a cr\u00e9\u00e9 une caisse de solidarit\u00e9 pour le paiement des factures d\u2019eau des familles les plus d\u00e9munies de la municipalit\u00e9.<\/p>\n<p>Une campagne de sensibilisation sur la pr\u00e9vention du coronavirus, et sur les mesures d\u2019hygi\u00e8ne \u00e0 appliquer, a \u00e9galement d\u00e9but\u00e9, mercredi \u00e0 Achram, chef-lieu de la commune,<br \/>\nElle s\u2019inscrit dans les efforts de pr\u00e9vention entrepris par les pouvoirs publics pour lutter contre le Covid-19, est effectu\u00e9e \u00e0 l\u2019aide de haut-parleurs, afin de toucher le maximum de personnes.<\/p>\n<p>La gestion de la caisse est assur\u00e9e par un comit\u00e9 de suivi, pr\u00e9sid\u00e9 par le maire, et comprenant les autorit\u00e9s locales de sant\u00e9 et de s\u00e9curit\u00e9, ainsi que des repr\u00e9sentants des mosqu\u00e9es, de la jeunesse et des associations f\u00e9minines.<\/p>\n","protected":false},"excerpt":{"rendered":"<p>La commune de Soudoud a cr\u00e9\u00e9 une caisse de solidarit\u00e9 pour le paiement des factures d\u2019eau des familles les plus d\u00e9munies de la municipalit\u00e9.<\/p>\n<p>Une campagne de sensibilisation sur<\/p>\n","protected":false},"author":1,"featured_media":177437,"comment_status":"closed","ping_status":"closed","sticky":false,"template":"","format":"standard","meta":{"footnotes":""},"categories":[8672],"tags":[62876,62753],"class_list":["post-82588","post","type-post","status-publish","format-standard","has-post-thumbnail","hentry","category-8672","tag-achram-tagant","tag-rabani"],"_links":{"self":[{"href":"https:\/\/ami.mr\/fr\/wp-json\/wp\/v2\/posts\/82588","targetHints":{"allow":["GET"]}}],"collection":[{"href":"https:\/\/ami.mr\/fr\/wp-json\/wp\/v2\/posts"}],"about":[{"href":"https:\/\/ami.mr\/fr\/wp-json\/wp\/v2\/types\/post"}],"author":[{"embeddable":true,"href":"https:\/\/ami.mr\/fr\/wp-json\/wp\/v2\/users\/1"}],"replies":[{"embeddable":true,"href":"https:\/\/ami.mr\/fr\/wp-json\/wp\/v2\/comments?post=82588"}],"version-history":[{"count":1,"href":"https:\/\/ami.mr\/fr\/wp-json\/wp\/v2\/posts\/82588\/revisions"}],"predecessor-version":[{"id":177436,"href":"https:\/\/ami.mr\/fr\/wp-json\/wp\/v2\/posts\/82588\/revisions\/177436"}],"wp:featuredmedia":[{"embeddable":true,"href":"https:\/\/ami.mr\/fr\/wp-json\/wp\/v2\/media\/177437"}],"wp:attachment":[{"href":"https:\/\/ami.mr\/fr\/wp-json\/wp\/v2\/media?parent=82588"}],"wp:term":[{"taxonomy":"category","embeddable":true,"href":"https:\/\/ami.mr\/fr\/wp-json\/wp\/v2\/categories?post=82588"},{"taxonomy":"post_tag","embeddable":true,"href":"https:\/\/ami.mr\/fr\/wp-json\/wp\/v2\/tags?post=82588"}],"curies":[{"name":"wp","href":"https:\/\/api.w.org\/{rel}","templated":true}]}}