{"id":82583,"date":"2020-03-25T13:42:02","date_gmt":"2020-03-25T13:42:02","guid":{"rendered":"http:\/\/192.168.64.2\/fr\/index.php\/2020\/03\/25\/le-croissant-rouge-mauritanien-lance-une-campagne-de-sensibilisation-pour-la-prevention-du-coronavirus\/"},"modified":"2022-07-05T01:37:59","modified_gmt":"2022-07-05T01:37:59","slug":"le-croissant-rouge-mauritanien-lance-une-campagne-de-sensibilisation-pour-la-prevention-du-coronavirus","status":"publish","type":"post","link":"https:\/\/ami.mr\/fr\/archives\/82583","title":{"rendered":"Le Croissant rouge mauritanien lance une campagne de sensibilisation pour la pr\u00e9vention du coronavirus"},"content":{"rendered":"<p>Le pr\u00e9sident du Croissant rouge mauritanien, M. Mohamed Lemine Ould Mohamed Vall a supervis\u00e9, aujourd\u2019hui mercredi, le lancement d\u2019une campagne de sensibilisation pour la pr\u00e9vention du coronavirus. La campagne, qui durera plusieurs jours, couvrira les 9 moughataas de Nouakchott et sera men\u00e9e par une cinquantaine d&#8217; \u00e9quipes disposant de quatre voitures \u00e9quip\u00e9es de haut-parleurs. Les volontaires sillonneront les quartiers les plus peupl\u00e9s et distribueront des affiches expliquant les mesures d\u2019hygi\u00e8ne et de prophylaxie : le lavage des mains \u00e0 l\u2019eau et au savon, la st\u00e9rilisation et le respect de la distance sociale.<\/p>\n<p>Dans une allocution, \u00e0 cette occasion, le pr\u00e9sident du Croissant rouge a assur\u00e9 que le Croissant rouge a publi\u00e9 une circulaire demandant \u00e0 tous ses comit\u00e9s locaux d\u2019accompagner les efforts des autorit\u00e9s visant \u00e0 pr\u00e9venir la propagation du coronavirus dans le pays. Il a ajout\u00e9 que ses comit\u00e9s locaux ont organis\u00e9, d\u00e8s la d\u00e9claration du premier cas en Mauritanie, des campagnes de sensibilisation en collaboration avec les autorit\u00e9s sanitaires dans l\u2019ensemble des wilayas du pays.<\/p>\n","protected":false},"excerpt":{"rendered":"<p>Le pr\u00e9sident du Croissant rouge mauritanien, M. Mohamed Lemine Ould Mohamed Vall a supervis\u00e9, aujourd\u2019hui mercredi, le lancement d\u2019une campagne de sensibilisation pour la pr\u00e9vention du coronavirus<\/p>\n","protected":false},"author":1,"featured_media":177432,"comment_status":"closed","ping_status":"closed","sticky":false,"template":"","format":"standard","meta":{"footnotes":""},"categories":[],"tags":[62476,62753,63995],"class_list":["post-82583","post","type-post","status-publish","format-standard","has-post-thumbnail","hentry","tag-nouakchott","tag-rabani","tag-sante"],"_links":{"self":[{"href":"https:\/\/ami.mr\/fr\/wp-json\/wp\/v2\/posts\/82583","targetHints":{"allow":["GET"]}}],"collection":[{"href":"https:\/\/ami.mr\/fr\/wp-json\/wp\/v2\/posts"}],"about":[{"href":"https:\/\/ami.mr\/fr\/wp-json\/wp\/v2\/types\/post"}],"author":[{"embeddable":true,"href":"https:\/\/ami.mr\/fr\/wp-json\/wp\/v2\/users\/1"}],"replies":[{"embeddable":true,"href":"https:\/\/ami.mr\/fr\/wp-json\/wp\/v2\/comments?post=82583"}],"version-history":[{"count":1,"href":"https:\/\/ami.mr\/fr\/wp-json\/wp\/v2\/posts\/82583\/revisions"}],"predecessor-version":[{"id":177431,"href":"https:\/\/ami.mr\/fr\/wp-json\/wp\/v2\/posts\/82583\/revisions\/177431"}],"wp:featuredmedia":[{"embeddable":true,"href":"https:\/\/ami.mr\/fr\/wp-json\/wp\/v2\/media\/177432"}],"wp:attachment":[{"href":"https:\/\/ami.mr\/fr\/wp-json\/wp\/v2\/media?parent=82583"}],"wp:term":[{"taxonomy":"category","embeddable":true,"href":"https:\/\/ami.mr\/fr\/wp-json\/wp\/v2\/categories?post=82583"},{"taxonomy":"post_tag","embeddable":true,"href":"https:\/\/ami.mr\/fr\/wp-json\/wp\/v2\/tags?post=82583"}],"curies":[{"name":"wp","href":"https:\/\/api.w.org\/{rel}","templated":true}]}}