{"id":82581,"date":"2020-03-25T13:16:24","date_gmt":"2020-03-25T13:16:24","guid":{"rendered":"http:\/\/192.168.64.2\/fr\/index.php\/2020\/03\/25\/le-ministre-de-la-fonction-publique-exhorte-les-centrales-syndicales-a-redoubler-defforts-dans-la-lutte-contre-le-coronavirus\/"},"modified":"2022-07-05T01:37:55","modified_gmt":"2022-07-05T01:37:55","slug":"le-ministre-de-la-fonction-publique-exhorte-les-centrales-syndicales-a-redoubler-defforts-dans-la-lutte-contre-le-coronavirus","status":"publish","type":"post","link":"https:\/\/ami.mr\/fr\/archives\/82581","title":{"rendered":"Le ministre de la Fonction publique exhorte les centrales syndicales \u00e0 redoubler d\u2019efforts dans la lutte contre le coronavirus"},"content":{"rendered":"<p>Le ministre de la Fonction publique, du Travail et de la Modernisation de l\u2019Administration, Dr Camara Saloum Mohamed, a exhort\u00e9, mercredi, \u00e0 son bureau \u00e0 Nouakchott, les repr\u00e9sentants des centrales syndicales \u00e0 accompagner le gouvernement dans ses efforts de lutte contre le Covid 19.<\/p>\n<p>Il a appel\u00e9 les syndicats \u00e0 contribuer de mani\u00e8re efficace aux op\u00e9rations de sensibilisation aux dangers de ce virus et d\u2019informer les populations sur les mesures recommand\u00e9es dans le cadre de la pr\u00e9vention contre le Covid 19.<\/p>\n<p>Le ministre a indiqu\u00e9 que cette rencontre s\u2019inscrit dans le cadre de la mise en \u0153uvre des instructions du Pr\u00e9sident de la R\u00e9publique, M. Mohamed Ould Cheikh El Ghazouani, visant \u00e0 faire participer le monde du travail et les syndicats aux efforts entrepris sur tous les fronts pour circonscrire cette pand\u00e9mie et \u00e0 s\u2019\u00e9carter de tous les comportements qui peuvent avoir des cons\u00e9quences n\u00e9gatives sur les recommandations et instructions du minist\u00e8re de la Sant\u00e9.<\/p>\n<p>Les intervenants, au nom des centrales syndicales, ont exprim\u00e9 leur disponibilit\u00e9 \u00e0 accompagner le gouvernement dans ses efforts visant la protection des citoyens contre les dangers de ce virus d\u00e9vastateur.<\/p>\n<p>Ils ont par ailleurs salu\u00e9 les mesures sanitaires pr\u00e9ventives et s\u00e9curitaires dont, entre autres, la fermeture des fronti\u00e8res terrestres, maritimes, fluviales et a\u00e9roportuaires en vue de prot\u00e9ger notre soci\u00e9t\u00e9 de ce danger.<\/p>\n<p>La rencontre s\u2019est d\u00e9roul\u00e9e en pr\u00e9sence du directeur adjoint du Travail, M. Mohamed Ould Jeddou.<\/p>\n","protected":false},"excerpt":{"rendered":"<p>Le ministre de la Fonction publique, du Travail et de la Modernisation de l\u2019Administration, Dr Camara Saloum Mohamed, a exhort\u00e9, mercredi, \u00e0 son bureau \u00e0 Nouakchott, les repr\u00e9sentants des centrales syndicales \u00e0 accompagner le gouvernement dans ses efforts<\/p>\n","protected":false},"author":1,"featured_media":177430,"comment_status":"closed","ping_status":"closed","sticky":false,"template":"","format":"standard","meta":{"footnotes":""},"categories":[],"tags":[62476,62753,63995],"class_list":["post-82581","post","type-post","status-publish","format-standard","has-post-thumbnail","hentry","tag-nouakchott","tag-rabani","tag-sante"],"_links":{"self":[{"href":"https:\/\/ami.mr\/fr\/wp-json\/wp\/v2\/posts\/82581","targetHints":{"allow":["GET"]}}],"collection":[{"href":"https:\/\/ami.mr\/fr\/wp-json\/wp\/v2\/posts"}],"about":[{"href":"https:\/\/ami.mr\/fr\/wp-json\/wp\/v2\/types\/post"}],"author":[{"embeddable":true,"href":"https:\/\/ami.mr\/fr\/wp-json\/wp\/v2\/users\/1"}],"replies":[{"embeddable":true,"href":"https:\/\/ami.mr\/fr\/wp-json\/wp\/v2\/comments?post=82581"}],"version-history":[{"count":1,"href":"https:\/\/ami.mr\/fr\/wp-json\/wp\/v2\/posts\/82581\/revisions"}],"predecessor-version":[{"id":177429,"href":"https:\/\/ami.mr\/fr\/wp-json\/wp\/v2\/posts\/82581\/revisions\/177429"}],"wp:featuredmedia":[{"embeddable":true,"href":"https:\/\/ami.mr\/fr\/wp-json\/wp\/v2\/media\/177430"}],"wp:attachment":[{"href":"https:\/\/ami.mr\/fr\/wp-json\/wp\/v2\/media?parent=82581"}],"wp:term":[{"taxonomy":"category","embeddable":true,"href":"https:\/\/ami.mr\/fr\/wp-json\/wp\/v2\/categories?post=82581"},{"taxonomy":"post_tag","embeddable":true,"href":"https:\/\/ami.mr\/fr\/wp-json\/wp\/v2\/tags?post=82581"}],"curies":[{"name":"wp","href":"https:\/\/api.w.org\/{rel}","templated":true}]}}