{"id":82579,"date":"2020-03-25T11:47:56","date_gmt":"2020-03-25T11:47:56","guid":{"rendered":"http:\/\/192.168.64.2\/fr\/index.php\/2020\/03\/25\/le-president-de-la-republique-felicite-le-president-du-bangladesh\/"},"modified":"2022-07-05T01:37:52","modified_gmt":"2022-07-05T01:37:52","slug":"le-president-de-la-republique-felicite-le-president-du-bangladesh","status":"publish","type":"post","link":"https:\/\/ami.mr\/fr\/archives\/82579","title":{"rendered":"Le Pr\u00e9sident de la R\u00e9publique f\u00e9licite le Pr\u00e9sident du Bangladesh"},"content":{"rendered":"<p>Le Pr\u00e9sident de la R\u00e9publique, son Excellence M. Mohamed Ould Cheikh El Ghazouani, a adress\u00e9 \u00e0 Son Excellence Monsieur Mohamed Abdel Hamid, Pr\u00e9sident de la R\u00e9publique Populaire du Bangladesh \u00e0 l&#8217;occasion de la c\u00e9l\u00e9bration de la f\u00eate nationale de son pays, le message de f\u00e9licitations qui suit:<\/p>\n<p>Excellence et cher fr\u00e8re,<\/p>\n<p>A l&#8217;occasion de la c\u00e9l\u00e9bration de la f\u00eate nationale de la R\u00e9publique Populaire du Bangladesh, il m&#8217;est agr\u00e9able d&#8217;exprimer \u00e0 Votre Excellence mes chaleureuses f\u00e9licitations et mes meilleurs v\u0153ux de progr\u00e8s et de prosp\u00e9rit\u00e9 pour le peuple du Bangladesh fr\u00e8re.<\/p>\n<p>Je voudrais aussi vous r\u00e9it\u00e9rer notre volont\u00e9 de continuer d\u2019\u0153uvrer pour le renforcement et le d\u00e9veloppement des relations de coop\u00e9ration existant entre nos deux pays dans l&#8217;int\u00e9r\u00eat de nos deux peuples fr\u00e8res.<\/p>\n<p>Veuillez agr\u00e9er, Excellence et cher fr\u00e8re, l&#8217;expression de ma tr\u00e8s haute consid\u00e9ration.<\/p>\n<p>Votre fr\u00e8re Mohamed Ould Cheikh El Ghazouani.<\/p>\n","protected":false},"excerpt":{"rendered":"<p>Le Pr\u00e9sident de la R\u00e9publique, son Excellence M. Mohamed Ould Cheikh El Ghazouani, a adress\u00e9 \u00e0 Son Excellence Monsieur Mohamed Abdel Hamid, Pr\u00e9sident de la R\u00e9publique Populaire du<\/p>\n","protected":false},"author":1,"featured_media":177428,"comment_status":"closed","ping_status":"closed","sticky":false,"template":"","format":"standard","meta":{"footnotes":""},"categories":[],"tags":[63991,62476,62753],"class_list":["post-82579","post","type-post","status-publish","format-standard","has-post-thumbnail","hentry","tag-activites-presidentielles","tag-nouakchott","tag-rabani"],"_links":{"self":[{"href":"https:\/\/ami.mr\/fr\/wp-json\/wp\/v2\/posts\/82579","targetHints":{"allow":["GET"]}}],"collection":[{"href":"https:\/\/ami.mr\/fr\/wp-json\/wp\/v2\/posts"}],"about":[{"href":"https:\/\/ami.mr\/fr\/wp-json\/wp\/v2\/types\/post"}],"author":[{"embeddable":true,"href":"https:\/\/ami.mr\/fr\/wp-json\/wp\/v2\/users\/1"}],"replies":[{"embeddable":true,"href":"https:\/\/ami.mr\/fr\/wp-json\/wp\/v2\/comments?post=82579"}],"version-history":[{"count":1,"href":"https:\/\/ami.mr\/fr\/wp-json\/wp\/v2\/posts\/82579\/revisions"}],"predecessor-version":[{"id":177427,"href":"https:\/\/ami.mr\/fr\/wp-json\/wp\/v2\/posts\/82579\/revisions\/177427"}],"wp:featuredmedia":[{"embeddable":true,"href":"https:\/\/ami.mr\/fr\/wp-json\/wp\/v2\/media\/177428"}],"wp:attachment":[{"href":"https:\/\/ami.mr\/fr\/wp-json\/wp\/v2\/media?parent=82579"}],"wp:term":[{"taxonomy":"category","embeddable":true,"href":"https:\/\/ami.mr\/fr\/wp-json\/wp\/v2\/categories?post=82579"},{"taxonomy":"post_tag","embeddable":true,"href":"https:\/\/ami.mr\/fr\/wp-json\/wp\/v2\/tags?post=82579"}],"curies":[{"name":"wp","href":"https:\/\/api.w.org\/{rel}","templated":true}]}}