{"id":82575,"date":"2020-03-25T17:15:26","date_gmt":"2020-03-25T17:15:26","guid":{"rendered":"http:\/\/192.168.64.2\/fr\/index.php\/2020\/03\/25\/le-ministre-de-la-fonction-publique-appelle-les-centrales-syndicales-a-redoubler-defforts-dans-la-lutte-contre-le-coronavirus\/"},"modified":"2022-07-05T01:37:44","modified_gmt":"2022-07-05T01:37:44","slug":"le-ministre-de-la-fonction-publique-appelle-les-centrales-syndicales-a-redoubler-defforts-dans-la-lutte-contre-le-coronavirus","status":"publish","type":"post","link":"https:\/\/ami.mr\/fr\/archives\/82575","title":{"rendered":"Le ministre de la Fonction publique appelle les centrales syndicales \u00e0 redoubler d\u2019efforts dans la lutte contre le coronavirus"},"content":{"rendered":"<p>Lors d\u2019une r\u00e9union avec les syndicats, tenue mercredi, le ministre de la Fonction publique, du Travail et de la Modernisation de l\u2019Administration, Dr Camara Saloum Mohamed, a exhort\u00e9, les repr\u00e9sentants des centrales syndicales \u00e0 accompagner le gouvernement dans ses efforts de lutte contre le Covid-19.<\/p>\n<p>Il a appel\u00e9 les syndicats \u00e0 contribuer de mani\u00e8re efficace aux op\u00e9rations de sensibilisation et d\u2019information des populations sur les dangers du virus et sur les mesures recommand\u00e9es pour pr\u00e9venir sa propagation.<\/p>\n<p>Le ministre a indiqu\u00e9 que cette rencontre s\u2019inscrit dans le cadre de la mise en \u0153uvre des instructions du Pr\u00e9sident de la R\u00e9publique, M. Mohamed Ould Cheikh El Ghazouani, visant \u00e0 faire participer le monde du travail et les syndicats aux efforts entrepris sur tous les fronts pour circonscrire la pand\u00e9mie.<\/p>\n<p>Les intervenants, au nom des centrales syndicales, ont exprim\u00e9 leur disponibilit\u00e9 \u00e0 accompagner le gouvernement dans ses efforts visant la protection des citoyens contre les dangers du virus.<\/p>\n<p>Ils ont par ailleurs salu\u00e9 les mesures sanitaires pr\u00e9ventives et s\u00e9curitaires mises en \u0153uvre, dont, entre autres, la fermeture des fronti\u00e8res terrestres, maritimes, fluviales et a\u00e9roportuaires en vue de prot\u00e9ger notre soci\u00e9t\u00e9 de ce danger<\/p>\n","protected":false},"excerpt":{"rendered":"<p>Lors d\u2019une r\u00e9union avec les syndicats, tenue mercredi, le ministre de la Fonction publique, du Travail et de la Modernisation de l\u2019Administration, Dr Camara Saloum Mohamed, a exhort\u00e9, les repr\u00e9sentants des centrales syndicales \u00e0 accompagner le gouvernemen<\/p>\n","protected":false},"author":1,"featured_media":177424,"comment_status":"closed","ping_status":"closed","sticky":false,"template":"","format":"standard","meta":{"footnotes":""},"categories":[],"tags":[63990,62476,62753],"class_list":["post-82575","post","type-post","status-publish","format-standard","has-post-thumbnail","hentry","tag-activites-gouvernementales","tag-nouakchott","tag-rabani"],"_links":{"self":[{"href":"https:\/\/ami.mr\/fr\/wp-json\/wp\/v2\/posts\/82575","targetHints":{"allow":["GET"]}}],"collection":[{"href":"https:\/\/ami.mr\/fr\/wp-json\/wp\/v2\/posts"}],"about":[{"href":"https:\/\/ami.mr\/fr\/wp-json\/wp\/v2\/types\/post"}],"author":[{"embeddable":true,"href":"https:\/\/ami.mr\/fr\/wp-json\/wp\/v2\/users\/1"}],"replies":[{"embeddable":true,"href":"https:\/\/ami.mr\/fr\/wp-json\/wp\/v2\/comments?post=82575"}],"version-history":[{"count":1,"href":"https:\/\/ami.mr\/fr\/wp-json\/wp\/v2\/posts\/82575\/revisions"}],"predecessor-version":[{"id":177423,"href":"https:\/\/ami.mr\/fr\/wp-json\/wp\/v2\/posts\/82575\/revisions\/177423"}],"wp:featuredmedia":[{"embeddable":true,"href":"https:\/\/ami.mr\/fr\/wp-json\/wp\/v2\/media\/177424"}],"wp:attachment":[{"href":"https:\/\/ami.mr\/fr\/wp-json\/wp\/v2\/media?parent=82575"}],"wp:term":[{"taxonomy":"category","embeddable":true,"href":"https:\/\/ami.mr\/fr\/wp-json\/wp\/v2\/categories?post=82575"},{"taxonomy":"post_tag","embeddable":true,"href":"https:\/\/ami.mr\/fr\/wp-json\/wp\/v2\/tags?post=82575"}],"curies":[{"name":"wp","href":"https:\/\/api.w.org\/{rel}","templated":true}]}}