{"id":82573,"date":"2020-03-25T09:22:55","date_gmt":"2020-03-25T09:22:55","guid":{"rendered":"http:\/\/192.168.64.2\/fr\/index.php\/2020\/03\/25\/le-president-de-la-republique-sentretient-avec-les-partis-politiques-et-les-syndicats-a-propos-du-coronavirus\/"},"modified":"2022-07-05T01:37:41","modified_gmt":"2022-07-05T01:37:41","slug":"le-president-de-la-republique-sentretient-avec-les-partis-politiques-et-les-syndicats-a-propos-du-coronavirus","status":"publish","type":"post","link":"https:\/\/ami.mr\/fr\/archives\/82573","title":{"rendered":"Le Pr\u00e9sident de la R\u00e9publique s\u2019entretient avec les partis politiques et les syndicats \u00e0 propos du coronavirus"},"content":{"rendered":"<p>Le Pr\u00e9sident de la R\u00e9publique, M. Mohamed Ould Cheikh El Ghazouani, a effectu\u00e9 d&#8217;intenses contacts avec les pr\u00e9sidents des partis politiques et des syndicats nationaux.<\/p>\n<p>A cette occasion, le Pr\u00e9sident de la R\u00e9publique a inform\u00e9 ses interlocuteurs de la situation du pays et des mesures de pr\u00e9vention mises en \u0153uvre pour lutter contre la propagation du coronavirus (Covid-19), ainsi que des dispositions prises par l&#8217;\u00c9tat pour la pr\u00e9servation de la sant\u00e9 des citoyens et la s\u00e9curisation du pays contre la pand\u00e9mie.<\/p>\n<p>Le Pr\u00e9sident de la R\u00e9publique s&#8217;est en outre concert\u00e9 avec les formations politiques et les syndicats sur les voies susceptibles garantir la poursuite de cette strat\u00e9gie et d\u2019associer tous les acteurs sociaux et politiques \u00e0 la mobilisation nationale contre la pand\u00e9mie r.<\/p>\n<p>Ces contacts s&#8217;inscrivent dans la tradition de concertation et de r\u00e9conciliation nationale vis-\u00e0-vis des diff\u00e9rentes sensibilit\u00e9s politiques et sociales sur toutes les questions nationales.<\/p>\n","protected":false},"excerpt":{"rendered":"<p>Le Pr\u00e9sident de la R\u00e9publique, M. Mohamed Ould Cheikh El Ghazouani, a effectu\u00e9 d&#8217;intenses contacts avec les pr\u00e9sidents des partis politiques et des syndicats nationaux.<\/p>\n<p>A cette<\/p>\n","protected":false},"author":1,"featured_media":177422,"comment_status":"closed","ping_status":"closed","sticky":false,"template":"","format":"standard","meta":{"footnotes":""},"categories":[],"tags":[63970,62476,62753],"class_list":["post-82573","post","type-post","status-publish","format-standard","has-post-thumbnail","hentry","tag-discours-du-president","tag-nouakchott","tag-rabani"],"_links":{"self":[{"href":"https:\/\/ami.mr\/fr\/wp-json\/wp\/v2\/posts\/82573","targetHints":{"allow":["GET"]}}],"collection":[{"href":"https:\/\/ami.mr\/fr\/wp-json\/wp\/v2\/posts"}],"about":[{"href":"https:\/\/ami.mr\/fr\/wp-json\/wp\/v2\/types\/post"}],"author":[{"embeddable":true,"href":"https:\/\/ami.mr\/fr\/wp-json\/wp\/v2\/users\/1"}],"replies":[{"embeddable":true,"href":"https:\/\/ami.mr\/fr\/wp-json\/wp\/v2\/comments?post=82573"}],"version-history":[{"count":1,"href":"https:\/\/ami.mr\/fr\/wp-json\/wp\/v2\/posts\/82573\/revisions"}],"predecessor-version":[{"id":177421,"href":"https:\/\/ami.mr\/fr\/wp-json\/wp\/v2\/posts\/82573\/revisions\/177421"}],"wp:featuredmedia":[{"embeddable":true,"href":"https:\/\/ami.mr\/fr\/wp-json\/wp\/v2\/media\/177422"}],"wp:attachment":[{"href":"https:\/\/ami.mr\/fr\/wp-json\/wp\/v2\/media?parent=82573"}],"wp:term":[{"taxonomy":"category","embeddable":true,"href":"https:\/\/ami.mr\/fr\/wp-json\/wp\/v2\/categories?post=82573"},{"taxonomy":"post_tag","embeddable":true,"href":"https:\/\/ami.mr\/fr\/wp-json\/wp\/v2\/tags?post=82573"}],"curies":[{"name":"wp","href":"https:\/\/api.w.org\/{rel}","templated":true}]}}