{"id":82571,"date":"2020-03-24T23:19:48","date_gmt":"2020-03-24T23:19:48","guid":{"rendered":"http:\/\/192.168.64.2\/fr\/index.php\/2020\/03\/24\/le-ministere-des-affaires-etrangeres-rend-public-un-communique-relatif-a-la-situation-actuelle-causee-par-le-coronavirus\/"},"modified":"2022-07-05T01:37:38","modified_gmt":"2022-07-05T01:37:38","slug":"le-ministere-des-affaires-etrangeres-rend-public-un-communique-relatif-a-la-situation-actuelle-causee-par-le-coronavirus","status":"publish","type":"post","link":"https:\/\/ami.mr\/fr\/archives\/82571","title":{"rendered":"Le Minist\u00e8re des Affaires Etrang\u00e8res rend public un communiqu\u00e9 relatif \u00e0 la situation actuelle caus\u00e9e par le coronavirus"},"content":{"rendered":"<p>Le Minist\u00e8re des Affaires Etrang\u00e8res, de la Coop\u00e9ration et des Mauritaniens  de  l\u2019Ext\u00e9rieur \u00e0 rendu public un communiqu\u00e9,  dans lequel  il exhorte  les populations \u00e0 limiter  les d\u00e9placements et \u00e0 s\u2019\u00e9loigner des fronti\u00e8res, aussi bien   a\u00e9roportuaires, que  terrestres, maritimes ou  fluviales pr\u00e9cisant que  tous les experts scientifiques conseillent d\u2019\u00e9viter les d\u00e9placements au maximum et de rester confin\u00e9 pour se prot\u00e9ger et prot\u00e9ger sa famille.<br \/>\nLe communiqu\u00e9   rappelle que, sur instruction du Pr\u00e9sident de la R\u00e9publique,  le  Minist\u00e8re  des  Affaires  Etrang\u00e8res,  de  la  Coop\u00e9ration et  des  Mauritaniens de  l\u2019Ext\u00e9rieur a instruit  ses  missions diplomatiques  et  consulaires  afin  de se  mettre  en  contact  permanent  avec nos  ressortissants  et  de  leur  apporter  l\u2019assistance  n\u00e9cessaire, dans  la  mesure  du  possible,  et  de  suivre  avec  une  attention  particuli\u00e8re les   diff\u00e9rents   probl\u00e8mes soulev\u00e9s par  nos concitoyens  en  difficult\u00e9, afin de voir dans quelle mesure, des solutions pourraient  \u00e9ventuellement \u00eatre envisag\u00e9es.<br \/>\nVoici l\u2019int\u00e9gralit\u00e9 du communiqu\u00e9 : <\/p>\n<p>Le Minist\u00e8re des Affaires Etrang\u00e8res, de la Coop\u00e9ration et des Mauritaniens  de  l\u2019Ext\u00e9rieur porte \u00e0 la connaissance de nos concitoyens  se trouvant actuellement \u00e0 l\u2019\u00e9tranger que  le  contexte   de  la   grave  crise   sanitaire   provoqu\u00e9e   par la  propagation \u00e0  l\u2019\u00e9chelle plan\u00e9taire du Coronavirus  a conduit plusieurs pays dans le  monde  \u00e0   fermer  leurs  fronti\u00e8res pour se prot\u00e9ger de cette pand\u00e9mie sans pr\u00e9c\u00e9dent. <\/p>\n<p>Dans  ce  contexte  de   grave  crise  sanitaire,  accentu\u00e9  par  l\u2019extension rapide  du  virus Covid-19, il  est vivement  recommand\u00e9  aux  populations de limiter  les d\u00e9placements et de s\u2019\u00e9loigner des fronti\u00e8res, aussi bien  au  niveau  des a\u00e9roports, que des fronti\u00e8res terrestres, maritimes ou  fluviales. Tous les experts scientifiques conseillent d\u2019\u00e9viter les d\u00e9placements au maximum et de rester confin\u00e9 pour se prot\u00e9ger et prot\u00e9ger sa famille.   <\/p>\n<p>D\u2019ailleurs  dans  des  situations  pareilles,  il  est  d\u00e9conseill\u00e9  de  fuir  le  fl\u00e9au  et  chacun  de  nous  devrait  garder  son  calme  et  rester  dans  son  lieu  de r\u00e9sidence  habituelle  afin  d\u2019\u00e9viter  de  contribuer  \u00e0  la  propagation  du  virus. C\u2019est  cette  r\u00e8gle  que   de  nombreux  pays amis ont  recommand\u00e9  \u00e0  leurs  ressortissants  qui  r\u00e9sident  dans  notre  pays .  <\/p>\n<p>Pendant que la crise \u00e9tait limit\u00e9e essentiellement \u00e0 un seul foyer en Chine (autour de la r\u00e9gion de Wuhan), le MAEC ME avait pris les dispositions n\u00e9cessaires pour faciliter l\u2019\u00e9vacuation de nos huit \u00e9tudiants  r\u00e9sidents  \u00e0  Wuhan dans le cadre d\u2019op\u00e9rations organis\u00e9es conjointement avec des pays fr\u00e8res.<\/p>\n<p>Quand certains pays ont d\u00e9cid\u00e9 avant nous de fermer leur espace a\u00e9rien ou leurs fronti\u00e8res, des  mesures  tendant  \u00e0  faciliter  le  retour  par  voie   a\u00e9rienne  et  terrestres  ont  \u00e9t\u00e9  prises par nos autorit\u00e9s  \u00e0  temps  pour  permettre  \u00e0  de  nombreux concitoyens qui se trouvaient en situation de  d\u00e9placement temporaire de regagner les leurs .<\/p>\n<p>Ces  mesures  de  rapatriement  se  sont,  notamment,  traduites  par  plusieurs  vols  suppl\u00e9mentaires et l\u2019autorisation  des  voyages  par  les  voies terrestres  liant  notre  pays  \u00e0  ses  pays  fr\u00e8res  et  voisins, ce qui a facilit\u00e9 le retour  de  centaines  de  nos  concitoyens  dont  des  \u00e9tudiants en  provenance de l\u2019Alg\u00e9rie, du  Maroc, du S\u00e9n\u00e9gal, de la Tunisie et  d\u2019autres  pays .<\/p>\n<p>Il  convient  de  souligner  que  ces  mesures  visaient, essentiellement,  \u00e0  faciliter  le  retour des non-r\u00e9sidents  et  particuli\u00e8rement,  nos  concitoyens  qui  se  trouvaient  ailleurs,  pour  des  raisons  de  sant\u00e9  ou  pour  des   missions  de  courte  dur\u00e9e  car  les  ressortissants   r\u00e9sidents  dans  les  pays  \u00e9trangers    sont  cens\u00e9s  rest\u00e9s dans leur pays de r\u00e9sidence comme cela a \u00e9t\u00e9 appliqu\u00e9 par beaucoup d\u2019autres pays. Les \u00e9tudiants, qui sont consid\u00e9r\u00e9s comme r\u00e9sidents du pays de leurs \u00e9tudes n\u2019\u00e9taient pas concern\u00e9s par ces mesures et pourtant un tr\u00e8s grand nombre d\u2019entre eux ont \u00e9t\u00e9 autoris\u00e9s \u00e0 rentrer bien apr\u00e8s la d\u00e9claration de la fermeture des fronti\u00e8res, essentiellement du Maroc, du S\u00e9n\u00e9gal et de la Tunisie. <\/p>\n<p>Il faut avouer que les d\u00e9placements incessants aux fronti\u00e8res de nos compatriotes apr\u00e8s la fermeture des fronti\u00e8res par nos voisins, et surtout leur rassemblement en masse aux points de d\u00e9part, ont caus\u00e9 beaucoup de d\u00e9sagr\u00e9ment aux autorit\u00e9s de ces pays voisins et n\u2019ont pas toujours facilit\u00e9 leur mise en place de leurs propres mesures de protection et de confinement. Ces autorit\u00e9s ont \u00e9t\u00e9 cependant tr\u00e8s patientes et coop\u00e9ratives jusqu\u2019\u00e0 l\u2019extr\u00eame. Sachant que nous avons plusieurs milliers de concitoyens dans ces pays voisins et que chaque fois qu\u2019un groupe \u00e9tait autoris\u00e9 \u00e0 rentrer, le lendemain un autre groupe se reconstitue aux fronti\u00e8res avec les m\u00eames sc\u00e8nes de tristesse et d\u2019imploration aux autorit\u00e9s auxquelles nous sommes bien entendu extr\u00eamement sensibles, il fallait bien mettre un terme \u00e0 ce flot incessant.<\/p>\n<p>Par ailleurs, l\u2019unique  solution  qui  s\u2019impose \u00e0  nous aujourd\u2019hui, et sur la base de conseils des experts,  consiste  \u00e0  confiner  les voyageurs  en  provenance  des  zones  affect\u00e9es (on parle de plusieurs centaines de personnes). Ce confinement se fait dans des h\u00f4tels et des r\u00e9sidences s\u00e9curis\u00e9es dont la capacit\u00e9 est h\u00e9las largement limit\u00e9e. <\/p>\n<p>D\u00e8s lors, les autorit\u00e9s Mauritaniennes ont d\u00e9cid\u00e9 le dimanche 22 mars de  fermer d\u00e9finitivement tous les postes  frontaliers  sans  la   moindre  exception pour permettre aux autorit\u00e9s sanitaires nationales de contr\u00f4ler et suivre les deux cas d\u00e9j\u00e0 existant au pays, le suivi des contacts et des centaines de personnes d\u00e9j\u00e0 en confinement ; un travail qui demande une \u00e9nergie et des efforts immenses. <\/p>\n<p>Nous avons tous un imp\u00e9ratif de prot\u00e9ger nos concitoyens de cette terrible pand\u00e9mie.<\/p>\n<p>Il convient de rappeler que, sur instruction du Pr\u00e9sident de la R\u00e9publique,  le  Minist\u00e8re  des  Affaires  Etrang\u00e8res,  de  la  Coop\u00e9ration et  des  Mauritaniens de  l\u2019Ext\u00e9rieur a instruit  ses  missions diplomatiques  et  consulaires  afin  de se  mettre  en  contact  permanent  avec nos  ressortissants  et  de  leur  apporter  l\u2019assistance  n\u00e9cessaire, dans  la  mesure  du  possible,  et  de  suivre  avec  une  attention  particuli\u00e8re les   diff\u00e9rents   probl\u00e8mes soulev\u00e9s par  nos concitoyens  en  difficult\u00e9, afin de voir dans quelle mesure, des solutions pourraient  \u00e9ventuellement \u00eatre envisag\u00e9es.<br \/>\nLe Minist\u00e8re des Affaires Etrang\u00e8res, de la Coop\u00e9ration et des Mauritaniens  de  l\u2019Ext\u00e9rieur.<\/p>\n","protected":false},"excerpt":{"rendered":"<p>Le Minist\u00e8re des Affaires Etrang\u00e8res, de la Coop\u00e9ration et des Mauritaniens  de  l\u2019Ext\u00e9rieur \u00e0 rendu public un communiqu\u00e9,  dans lequel  il exhorte  les populations \u00e0 limiter  les<\/p>\n","protected":false},"author":1,"featured_media":177420,"comment_status":"closed","ping_status":"closed","sticky":false,"template":"","format":"standard","meta":{"footnotes":""},"categories":[],"tags":[63990,63658,62476,62753],"class_list":["post-82571","post","type-post","status-publish","format-standard","has-post-thumbnail","hentry","tag-activites-gouvernementales","tag-ahmeds","tag-nouakchott","tag-rabani"],"_links":{"self":[{"href":"https:\/\/ami.mr\/fr\/wp-json\/wp\/v2\/posts\/82571","targetHints":{"allow":["GET"]}}],"collection":[{"href":"https:\/\/ami.mr\/fr\/wp-json\/wp\/v2\/posts"}],"about":[{"href":"https:\/\/ami.mr\/fr\/wp-json\/wp\/v2\/types\/post"}],"author":[{"embeddable":true,"href":"https:\/\/ami.mr\/fr\/wp-json\/wp\/v2\/users\/1"}],"replies":[{"embeddable":true,"href":"https:\/\/ami.mr\/fr\/wp-json\/wp\/v2\/comments?post=82571"}],"version-history":[{"count":1,"href":"https:\/\/ami.mr\/fr\/wp-json\/wp\/v2\/posts\/82571\/revisions"}],"predecessor-version":[{"id":177419,"href":"https:\/\/ami.mr\/fr\/wp-json\/wp\/v2\/posts\/82571\/revisions\/177419"}],"wp:featuredmedia":[{"embeddable":true,"href":"https:\/\/ami.mr\/fr\/wp-json\/wp\/v2\/media\/177420"}],"wp:attachment":[{"href":"https:\/\/ami.mr\/fr\/wp-json\/wp\/v2\/media?parent=82571"}],"wp:term":[{"taxonomy":"category","embeddable":true,"href":"https:\/\/ami.mr\/fr\/wp-json\/wp\/v2\/categories?post=82571"},{"taxonomy":"post_tag","embeddable":true,"href":"https:\/\/ami.mr\/fr\/wp-json\/wp\/v2\/tags?post=82571"}],"curies":[{"name":"wp","href":"https:\/\/api.w.org\/{rel}","templated":true}]}}