{"id":82569,"date":"2020-03-24T21:51:14","date_gmt":"2020-03-24T21:51:14","guid":{"rendered":"http:\/\/192.168.64.2\/fr\/index.php\/2020\/03\/24\/le-president-de-la-republique-recoit-en-appel-telephonique-de-son-homologue-tunisien\/"},"modified":"2022-07-05T01:37:34","modified_gmt":"2022-07-05T01:37:34","slug":"le-president-de-la-republique-recoit-en-appel-telephonique-de-son-homologue-tunisien","status":"publish","type":"post","link":"https:\/\/ami.mr\/fr\/archives\/82569","title":{"rendered":"Le Pr\u00e9sident de la R\u00e9publique re\u00e7oit en appel t\u00e9l\u00e9phonique de son homologue tunisien"},"content":{"rendered":"<p>Le Pr\u00e9sident de la R\u00e9publique M. Mohamed Ould Cheikh El Ghazouani, a re\u00e7u, mardi soir, un appel t\u00e9l\u00e9phonique du Pr\u00e9sident tunisien Son Excellence Kais Saied.<\/p>\n<p>Les deux pr\u00e9sidents ont abord\u00e9 les relations bilat\u00e9rales existant entre les deux pays et les voies et moyens susceptibles de les d\u00e9velopper et de les renforcer au service des int\u00e9r\u00eats des deux peuples fr\u00e8res.<\/p>\n<p>Les deux pr\u00e9sidents ont \u00e9galement pass\u00e9 en revue la situation sanitaire particuli\u00e8re que vit actuellement le monde.<\/p>\n<p>Dans ce cadre, ils ont \u00e9chang\u00e9 les points de vue sur les meilleures voies susceptibles de faire face \u00e0 ce grave probl\u00e8me sanitaire caract\u00e9ris\u00e9 par la propagation acc\u00e9l\u00e9r\u00e9e du coronavirus mutant \u00abCovid-19\u00bb et les moyens permettant de limiter sa propagation.<\/p>\n<p>L\u2019entretien entre les deux pr\u00e9sidents a port\u00e9 \u00e9galement sur la situation internationale de fa\u00e7on g\u00e9n\u00e9rale et particuli\u00e8rement, sur les relations entre les \u00c9tats du Maghreb arabe.<\/p>\n","protected":false},"excerpt":{"rendered":"<p>Le Pr\u00e9sident de la R\u00e9publique M. Mohamed Ould Cheikh El Ghazouani, a re\u00e7u, mardi soir, un appel t\u00e9l\u00e9phonique du Pr\u00e9sident tunisien Son Excellence Kais Saied.<\/p>\n<p>Les deux pr\u00e9sidents ont abord\u00e9 les relations bilat\u00e9rales existant entre les deux pays et les v<\/p>\n","protected":false},"author":1,"featured_media":177418,"comment_status":"closed","ping_status":"closed","sticky":false,"template":"","format":"standard","meta":{"footnotes":""},"categories":[],"tags":[63991,63658,62476,62753],"class_list":["post-82569","post","type-post","status-publish","format-standard","has-post-thumbnail","hentry","tag-activites-presidentielles","tag-ahmeds","tag-nouakchott","tag-rabani"],"_links":{"self":[{"href":"https:\/\/ami.mr\/fr\/wp-json\/wp\/v2\/posts\/82569","targetHints":{"allow":["GET"]}}],"collection":[{"href":"https:\/\/ami.mr\/fr\/wp-json\/wp\/v2\/posts"}],"about":[{"href":"https:\/\/ami.mr\/fr\/wp-json\/wp\/v2\/types\/post"}],"author":[{"embeddable":true,"href":"https:\/\/ami.mr\/fr\/wp-json\/wp\/v2\/users\/1"}],"replies":[{"embeddable":true,"href":"https:\/\/ami.mr\/fr\/wp-json\/wp\/v2\/comments?post=82569"}],"version-history":[{"count":1,"href":"https:\/\/ami.mr\/fr\/wp-json\/wp\/v2\/posts\/82569\/revisions"}],"predecessor-version":[{"id":177417,"href":"https:\/\/ami.mr\/fr\/wp-json\/wp\/v2\/posts\/82569\/revisions\/177417"}],"wp:featuredmedia":[{"embeddable":true,"href":"https:\/\/ami.mr\/fr\/wp-json\/wp\/v2\/media\/177418"}],"wp:attachment":[{"href":"https:\/\/ami.mr\/fr\/wp-json\/wp\/v2\/media?parent=82569"}],"wp:term":[{"taxonomy":"category","embeddable":true,"href":"https:\/\/ami.mr\/fr\/wp-json\/wp\/v2\/categories?post=82569"},{"taxonomy":"post_tag","embeddable":true,"href":"https:\/\/ami.mr\/fr\/wp-json\/wp\/v2\/tags?post=82569"}],"curies":[{"name":"wp","href":"https:\/\/api.w.org\/{rel}","templated":true}]}}