{"id":82567,"date":"2020-03-24T18:52:56","date_gmt":"2020-03-24T18:52:56","guid":{"rendered":"http:\/\/192.168.64.2\/fr\/index.php\/2020\/03\/24\/reception-dun-don-dequipements-et-materiels-de-prevention-du-coronavirus\/"},"modified":"2022-07-05T01:37:31","modified_gmt":"2022-07-05T01:37:31","slug":"reception-dun-don-dequipements-et-materiels-de-prevention-du-coronavirus","status":"publish","type":"post","link":"https:\/\/ami.mr\/fr\/archives\/82567","title":{"rendered":"R\u00e9ception d\u2019un don d\u2019\u00e9quipements et mat\u00e9riels de pr\u00e9vention du coronavirus"},"content":{"rendered":"<p>Un don d\u2019\u00e9quipements sous forme de 24 chambres d\u2019hospitalisation \u00e9quip\u00e9es, 200 paniers alimentaires et d\u2019importantes quantit\u00e9s de produits d\u2019hygi\u00e8ne ainsi que des brochures de sensibilisation sur la pr\u00e9vention du coronavirus a \u00e9t\u00e9 remis, mardi, au minist\u00e8re de la sant\u00e9 par la soci\u00e9t\u00e9 Kinross Tasiast, en contribution \u00e0 la prise en charge des personnes plac\u00e9es dans les sites de confinement.<\/p>\n<p>Le don \u00e9 \u00e9t\u00e9 r\u00e9ceptionn\u00e9 par la Secr\u00e9taire g\u00e9n\u00e9rale du minist\u00e8re de la sant\u00e9, Dr Halima Yahiya Ba, des mains du vice-pr\u00e9sident de la soci\u00e9t\u00e9 charg\u00e9 des relations ext\u00e9rieures, M. Brahim Ould M\u2019Bareck Ould Mohamed El Moctar.<\/p>\n<p>Dans son mot pour l\u2019occasion, Dr Halima Yahiya Ba a soulign\u00e9 que cette donation renforcera les capacit\u00e9s nationales en mati\u00e8re de pr\u00e9vention, des d\u00e9tections et des ripostes \u00e0 la maladie coronavirus COVID-19.<\/p>\n<p>Elle a \u00e9galement adress\u00e9 ses remerciements \u00e0 Kinross Tasiast \u00ab pour l\u2019appui au renforcement de notre syst\u00e8me de sant\u00e9 : pr\u00e9venir, d\u00e9tecter et riposter correctement \u00e0 la maladie du coronavirus afin d\u2019\u00e9viter sa propagation dans notre pays \u00bb.<\/p>\n<p>La secr\u00e9taire g\u00e9n\u00e9rale a ajout\u00e9 cette contribution s\u2019inscrit dans le cadre d\u2019une mobilisation g\u00e9n\u00e9rale engag\u00e9e contre la pand\u00e9mie du coronavirus, en application des orientations de politique du Pr\u00e9sident de la R\u00e9publique, M. Mohamed Ould Cheikh El Ghazouani.<\/p>\n<p>Elle a enfin indiqu\u00e9 que la collaboration entre le public et le priv\u00e9 t\u00e9moigne de l\u2019importance que le gouvernement du Premier ministre accorde au renforcement de la lutte contre le virus en permettant d\u2019int\u00e9grer les diff\u00e9rents secteurs concern\u00e9s dans une synergie d\u2019action pour faire face \u00e0 la propagation du COVID-19.<\/p>\n<p>Pour sa part, le vice-pr\u00e9sident de Kinross Tasiast charg\u00e9 des relations ext\u00e9rieures, M. Ould Mohamed El Moctar a pr\u00e9cis\u00e9 que son entreprise vise par geste contribuer \u00e0 la s\u00e9curit\u00e9 et la sant\u00e9 de ses employ\u00e9s.<\/p>\n<p>Il a enfin f\u00e9licit\u00e9 le gouvernement mauritanien, \u00e0 travers, le minist\u00e8re de la sant\u00e9 pour les efforts louables qu\u2019il d\u00e9ploie pour garantir la s\u00e9curit\u00e9 et la sant\u00e9 des citoyens.<\/p>\n","protected":false},"excerpt":{"rendered":"<p>Un don d\u2019\u00e9quipements sous forme de 24 chambres d\u2019hospitalisation \u00e9quip\u00e9es, 200 paniers alimentaires et d\u2019importantes quantit\u00e9s de produits d\u2019hygi\u00e8ne ainsi que des brochures de sensibilisation sur la pr\u00e9vention du coronavirus a \u00e9t\u00e9 remis, mardi, au minist\u00e8<\/p>\n","protected":false},"author":1,"featured_media":177416,"comment_status":"closed","ping_status":"closed","sticky":false,"template":"","format":"standard","meta":{"footnotes":""},"categories":[],"tags":[62476,62753,63995],"class_list":["post-82567","post","type-post","status-publish","format-standard","has-post-thumbnail","hentry","tag-nouakchott","tag-rabani","tag-sante"],"_links":{"self":[{"href":"https:\/\/ami.mr\/fr\/wp-json\/wp\/v2\/posts\/82567","targetHints":{"allow":["GET"]}}],"collection":[{"href":"https:\/\/ami.mr\/fr\/wp-json\/wp\/v2\/posts"}],"about":[{"href":"https:\/\/ami.mr\/fr\/wp-json\/wp\/v2\/types\/post"}],"author":[{"embeddable":true,"href":"https:\/\/ami.mr\/fr\/wp-json\/wp\/v2\/users\/1"}],"replies":[{"embeddable":true,"href":"https:\/\/ami.mr\/fr\/wp-json\/wp\/v2\/comments?post=82567"}],"version-history":[{"count":1,"href":"https:\/\/ami.mr\/fr\/wp-json\/wp\/v2\/posts\/82567\/revisions"}],"predecessor-version":[{"id":177415,"href":"https:\/\/ami.mr\/fr\/wp-json\/wp\/v2\/posts\/82567\/revisions\/177415"}],"wp:featuredmedia":[{"embeddable":true,"href":"https:\/\/ami.mr\/fr\/wp-json\/wp\/v2\/media\/177416"}],"wp:attachment":[{"href":"https:\/\/ami.mr\/fr\/wp-json\/wp\/v2\/media?parent=82567"}],"wp:term":[{"taxonomy":"category","embeddable":true,"href":"https:\/\/ami.mr\/fr\/wp-json\/wp\/v2\/categories?post=82567"},{"taxonomy":"post_tag","embeddable":true,"href":"https:\/\/ami.mr\/fr\/wp-json\/wp\/v2\/tags?post=82567"}],"curies":[{"name":"wp","href":"https:\/\/api.w.org\/{rel}","templated":true}]}}