{"id":82565,"date":"2020-03-24T17:40:34","date_gmt":"2020-03-24T17:40:34","guid":{"rendered":"http:\/\/192.168.64.2\/fr\/index.php\/2020\/03\/24\/lautorite-de-regulation-du-transport-public-appelle-au-respect-de-la-limitation-du-nombre-des-passagers\/"},"modified":"2022-07-05T01:37:28","modified_gmt":"2022-07-05T01:37:28","slug":"lautorite-de-regulation-du-transport-public-appelle-au-respect-de-la-limitation-du-nombre-des-passagers","status":"publish","type":"post","link":"https:\/\/ami.mr\/fr\/archives\/82565","title":{"rendered":"L\u2019Autorit\u00e9 de R\u00e9gulation du Transport public appelle au respect de la limitation du nombre des passagers"},"content":{"rendered":"<p>L\u2019Autorit\u00e9 de R\u00e9gulation du Transport public a demand\u00e9 aux transporteurs et \u00e0 tous les citoyens de prendre conscience des risques li\u00e9s \u00e0 la situation actuelle et les a appel\u00e9s au respect de la limitation du nombre des passagers en transport urbain et interurbain, aussi bien dans les bus que dans les v\u00e9hicules l\u00e9gers, de mani\u00e8re \u00e0 conforter l\u2019effort national engag\u00e9 pour \u00e9viter la propagation du coronavirus.<\/p>\n<p>Le pr\u00e9sident de l\u2019Autorit\u00e9 de R\u00e9gulation du Transport public, M. Belkhe\u00efr Ould Barka, a r\u00e9v\u00e9l\u00e9 que la d\u00e9cision de limitation du nombre de passagers a \u00e9t\u00e9 prise apr\u00e8s longue concertation entre l\u2019Autorit\u00e9, les soci\u00e9t\u00e9s de transport et les autres acteurs concern\u00e9s qui ont convenu d\u2019adapter les conditions de transport des personnes aux mesures de pr\u00e9caution qu\u2019impose la situation actuelle.<\/p>\n<p>Il a insist\u00e9 sur la n\u00e9cessit\u00e9 du respect scrupuleux de cette d\u00e9cision et de l\u2019application de la grille des tarifs de transport en cours, pr\u00e9cisant que les contrevenants s\u2019exposent de facto \u00e0 la sanction qui consiste \u00e0 les ramener du lieu de constatation de l\u2019infraction \u00e0 leur lieu de d\u00e9part et ce, quelle que soit la distance d\u00e9j\u00e0 parcourue. Il est donc de l\u2019int\u00e9r\u00eat et des transporteurs et des passagers de la respecter parce que cette sanction est co\u00fbteuse pour les premiers et ext\u00e9nuante pour les seconds, et que toutes les parties sont responsables de l\u2019infraction.<\/p>\n<p>M. Belkhe\u00efr Ould Barka a pr\u00e9cis\u00e9 que le r\u00f4le de l\u2019Autorit\u00e9 est de prendre la d\u00e9cision pendant que les modalit\u00e9s de son ex\u00e9cution et de la r\u00e9pression des contraventions y aff\u00e9rant rel\u00e8vent des forces de l\u2019ordre (Gendarmerie, Police nationale et Police de la s\u00e9curit\u00e9 routi\u00e8re).<\/p>\n<p>Le pr\u00e9sident de l\u2019Autorit\u00e9 a mis en garde les transporteurs et les passagers contre toute tentative de passer outre le nombre de places autoris\u00e9es ou d\u2019application de tarifs non officiels, ajoutant que les soci\u00e9t\u00e9s de transports sont \u00e9galement responsables de la d\u00e9sinfection r\u00e9guli\u00e8re de leurs bus et v\u00e9hicules ainsi que de l\u2019observation de la distance requise entre les passagers.<\/p>\n<p>Des chauffeurs du secteur des transports publics ont exprim\u00e9 leur compr\u00e9hension face \u00e0 ces mesures qui, disent-ils, m\u00eame si elles r\u00e9duisent leurs revenus, contribuent \u00e0 la protection et \u00e0 la s\u00e9curit\u00e9 des usagers et de l\u2019int\u00e9r\u00eat g\u00e9n\u00e9ral, c\u2019est pourquoi ils les acceptent volontiers.<\/p>\n<p>Ils souhaitent seulement qu\u2019une fois la crise du coronavirus pass\u00e9e, les dispositions ant\u00e9rieures soient r\u00e9habilit\u00e9es.<\/p>\n","protected":false},"excerpt":{"rendered":"<p>L\u2019Autorit\u00e9 de R\u00e9gulation du Transport public a demand\u00e9 aux transporteurs et \u00e0 tous les citoyens de prendre conscience des risques li\u00e9s \u00e0 la situation actuelle et les a appel\u00e9s au respect de la limitation du nombre des passagers en transport urbain et inte<\/p>\n","protected":false},"author":1,"featured_media":177414,"comment_status":"closed","ping_status":"closed","sticky":false,"template":"","format":"standard","meta":{"footnotes":""},"categories":[],"tags":[62476,62753,63996],"class_list":["post-82565","post","type-post","status-publish","format-standard","has-post-thumbnail","hentry","tag-nouakchott","tag-rabani","tag-societe"],"_links":{"self":[{"href":"https:\/\/ami.mr\/fr\/wp-json\/wp\/v2\/posts\/82565","targetHints":{"allow":["GET"]}}],"collection":[{"href":"https:\/\/ami.mr\/fr\/wp-json\/wp\/v2\/posts"}],"about":[{"href":"https:\/\/ami.mr\/fr\/wp-json\/wp\/v2\/types\/post"}],"author":[{"embeddable":true,"href":"https:\/\/ami.mr\/fr\/wp-json\/wp\/v2\/users\/1"}],"replies":[{"embeddable":true,"href":"https:\/\/ami.mr\/fr\/wp-json\/wp\/v2\/comments?post=82565"}],"version-history":[{"count":1,"href":"https:\/\/ami.mr\/fr\/wp-json\/wp\/v2\/posts\/82565\/revisions"}],"predecessor-version":[{"id":177413,"href":"https:\/\/ami.mr\/fr\/wp-json\/wp\/v2\/posts\/82565\/revisions\/177413"}],"wp:featuredmedia":[{"embeddable":true,"href":"https:\/\/ami.mr\/fr\/wp-json\/wp\/v2\/media\/177414"}],"wp:attachment":[{"href":"https:\/\/ami.mr\/fr\/wp-json\/wp\/v2\/media?parent=82565"}],"wp:term":[{"taxonomy":"category","embeddable":true,"href":"https:\/\/ami.mr\/fr\/wp-json\/wp\/v2\/categories?post=82565"},{"taxonomy":"post_tag","embeddable":true,"href":"https:\/\/ami.mr\/fr\/wp-json\/wp\/v2\/tags?post=82565"}],"curies":[{"name":"wp","href":"https:\/\/api.w.org\/{rel}","templated":true}]}}