{"id":82563,"date":"2020-03-24T16:12:23","date_gmt":"2020-03-24T16:12:23","guid":{"rendered":"http:\/\/192.168.64.2\/fr\/index.php\/2020\/03\/24\/produits-de-consommation-stocks-en-suffisance-pour-six-mois\/"},"modified":"2022-07-05T01:37:23","modified_gmt":"2022-07-05T01:37:23","slug":"produits-de-consommation-stocks-en-suffisance-pour-six-mois","status":"publish","type":"post","link":"https:\/\/ami.mr\/fr\/archives\/82563","title":{"rendered":"Produits de consommation : stocks en suffisance pour six mois"},"content":{"rendered":"<p>Le ministre du Commerce et du Tourisme, M. Sid Ahmed Ould Mohamed, a d\u00e9clar\u00e9 que les stocks de produits de consommation courante du pays sont suffisants pour une p\u00e9riode de six mois, et que le Comit\u00e9 de vigilance \u00e9conomique pr\u00e9voit de les augmenter, si n\u00e9cessaire.<\/p>\n<p>Dans une interview accord\u00e9e \u00e0 l&#8217;Agence Mauritanienne d\u2019Information (AMI), mardi matin, le ministre a indiqu\u00e9 que la pand\u00e9mie de coronavirus dans le pays \u00e9tait sous contr\u00f4le, et que les deux seuls cas enregistr\u00e9s \u00e0 ce jour sont r\u00e9tablis.<\/p>\n<p>Il a rappel\u00e9 que, pour faire face \u00e0 la situation, le gouvernement a mis en place plusieurs comit\u00e9s minist\u00e9riels afin de prendre toutes les mesures n\u00e9cessaires pour ma\u00eetriser la pand\u00e9mie, et que le ministre du Commerce est membre du comit\u00e9 de vigilance \u00e9conomique.<\/p>\n<p>M. Sid&#8217; Ahmed Ould Mohamed a soulign\u00e9 que la mission du secteur du commerce est de veiller \u00e0 l\u2019approvisionnement le march\u00e9, et de contr\u00f4ler les prix et la qualit\u00e9 des produits alimentaires. Il a pr\u00e9cis\u00e9 que, d\u00e8s le d\u00e9but de la crise, le minist\u00e8re a constitu\u00e9 quatre \u00e9quipes pour surveiller le march\u00e9 \u00e0 Nouakchott, afin de pr\u00e9venir la sp\u00e9culation et la fraude. Les d\u00e9l\u00e9gations r\u00e9gionales des wilayas de Nouakchott fournissent r\u00e9guli\u00e8rement des rapports au d\u00e9partement sur l&#8217;\u00e9tat des stocks et la situation des prix.<\/p>\n<p>Les responsables du minist\u00e8re ont \u00e9galement l\u2019\u0153il sur le march\u00e9 international, de mani\u00e8re \u00e0 ne pas \u00eatre surpris par des hausses, et \u00e0 ne pas \u00eatre confront\u00e9 \u00e0 des augmentations injustifi\u00e9es des prix. Il a \u00e9t\u00e9, toutefois, not\u00e9 une l\u00e9g\u00e8re hausse des prix des l\u00e9gumes, en raison des difficult\u00e9s de la cha\u00eene d&#8217;acc\u00e8s \u00e0 la source (les pays voisins), cons\u00e9quences de l&#8217;\u00e9pid\u00e9mie.<\/p>\n<p>Le d\u00e9partement a, en outre, men\u00e9 une campagne de sensibilisation en coop\u00e9ration avec les syndicats.<\/p>\n","protected":false},"excerpt":{"rendered":"<p>Le ministre du Commerce et du Tourisme, M. Sid Ahmed Ould Mohamed, a d\u00e9clar\u00e9 que les stocks de produits de consommation courante du pays sont suffisants pour une p\u00e9riode de six mois, et que le Comit\u00e9 de vigilance \u00e9conomique pr\u00e9voit de les augmenter, si n\u00e9<\/p>\n","protected":false},"author":1,"featured_media":177412,"comment_status":"closed","ping_status":"closed","sticky":false,"template":"","format":"standard","meta":{"footnotes":""},"categories":[],"tags":[63990,62476,62753],"class_list":["post-82563","post","type-post","status-publish","format-standard","has-post-thumbnail","hentry","tag-activites-gouvernementales","tag-nouakchott","tag-rabani"],"_links":{"self":[{"href":"https:\/\/ami.mr\/fr\/wp-json\/wp\/v2\/posts\/82563","targetHints":{"allow":["GET"]}}],"collection":[{"href":"https:\/\/ami.mr\/fr\/wp-json\/wp\/v2\/posts"}],"about":[{"href":"https:\/\/ami.mr\/fr\/wp-json\/wp\/v2\/types\/post"}],"author":[{"embeddable":true,"href":"https:\/\/ami.mr\/fr\/wp-json\/wp\/v2\/users\/1"}],"replies":[{"embeddable":true,"href":"https:\/\/ami.mr\/fr\/wp-json\/wp\/v2\/comments?post=82563"}],"version-history":[{"count":1,"href":"https:\/\/ami.mr\/fr\/wp-json\/wp\/v2\/posts\/82563\/revisions"}],"predecessor-version":[{"id":177411,"href":"https:\/\/ami.mr\/fr\/wp-json\/wp\/v2\/posts\/82563\/revisions\/177411"}],"wp:featuredmedia":[{"embeddable":true,"href":"https:\/\/ami.mr\/fr\/wp-json\/wp\/v2\/media\/177412"}],"wp:attachment":[{"href":"https:\/\/ami.mr\/fr\/wp-json\/wp\/v2\/media?parent=82563"}],"wp:term":[{"taxonomy":"category","embeddable":true,"href":"https:\/\/ami.mr\/fr\/wp-json\/wp\/v2\/categories?post=82563"},{"taxonomy":"post_tag","embeddable":true,"href":"https:\/\/ami.mr\/fr\/wp-json\/wp\/v2\/tags?post=82563"}],"curies":[{"name":"wp","href":"https:\/\/api.w.org\/{rel}","templated":true}]}}