{"id":82120,"date":"2020-03-04T14:16:03","date_gmt":"2020-03-04T14:16:03","guid":{"rendered":"http:\/\/192.168.64.2\/fr\/index.php\/2020\/03\/04\/la-mauritanie-elue-a-la-presidence-de-lorganisation-arabe-des-organismes-de-gestion-des-elections\/"},"modified":"2022-07-05T01:24:02","modified_gmt":"2022-07-05T01:24:02","slug":"la-mauritanie-elue-a-la-presidence-de-lorganisation-arabe-des-organismes-de-gestion-des-elections","status":"publish","type":"post","link":"https:\/\/ami.mr\/fr\/archives\/82120","title":{"rendered":"La Mauritanie \u00e9lue \u00e0 la pr\u00e9sidence de l&#8217;Organisation arabe des organismes de gestion des \u00e9lections"},"content":{"rendered":"<p>Les travaux de la 4\u00b0 \u00e9dition de l\u2019Assembl\u00e9e G\u00e9n\u00e9rale de l\u2019Organisation arabe des organismes de gestion des \u00e9lections ont d\u00e9marr\u00e9 aujourd\u2019hui mercredi \u00e0 Nouakchott. Accueillie par la Commission \u00c9lectorale Nationale Ind\u00e9pendante (CENI), cette \u00e9dition discutera du bilan des r\u00e9alisations de la pr\u00e9c\u00e9dente \u00e9dition, notamment en mati\u00e8re de d\u00e9cisions d\u2019ores et d\u00e9j\u00e0 ex\u00e9cut\u00e9es, en plus de l&#8217;\u00e9lection d\u2019un nouveau pr\u00e9sident de l\u2019organisation, de la d\u00e9termination du lieu de la 5\u00b0 \u00e9dition, de l\u2019adoption du rapport annuel et du budget 2020, ainsi que la r\u00e9vision des textes r\u00e9glementaires et l\u2019adh\u00e9sion de la R\u00e9publique de Djibouti \u00e0 l\u2019organisation.<\/p>\n<p>Il est \u00e0 pr\u00e9ciser que lors de cette \u00e9dition, notre pays a \u00e9t\u00e9 \u00e9lu \u00e0 la pr\u00e9sidence de l\u2019Organisation arabe des organismes de gestion des \u00e9lections.<\/p>\n<p>Le pr\u00e9sident de la CENI, M. Mohamed Vall Ould Bellal, a insist\u00e9 sur la capacit\u00e9 de l\u2019OAGE d\u2019\u00eatre une organisation professionnelle visant \u00e0 renforcer les liens de coop\u00e9ration entre les organismes arabes et consolider leur rendement, de mani\u00e8re \u00e0 mettre \u00e0 niveau le personnel d&#8217;encadrement de fa\u00e7on \u00e0 g\u00e9rer avec professionnalisme les op\u00e9rations \u00e9lectorales pour en garantir l\u2019int\u00e9grit\u00e9 et la transparence.<\/p>\n<p>Il a ajout\u00e9 que l\u2019organisation a attir\u00e9, en un temps record, de nouveaux adh\u00e9rents, ainsi que des partenaires strat\u00e9giques et internationaux, qui ne cessent de lui apporter les soutiens n\u00e9cessaires \u00e0 la poursuite de ses programmes et activit\u00e9s.<\/p>\n<p>M. Hicham Kahil, pr\u00e9sident du bureau ex\u00e9cutif de l\u2019OAGE, a affirm\u00e9 que la cr\u00e9ation de cette instance arabe est l\u2019aboutissement d\u2019efforts fructueux qui illustrent l\u2019efficacit\u00e9 de l\u2019action arabe commune, dans la mesure o\u00f9 l\u2019organisation est internationalement reconnue, car elle a prouv\u00e9 son efficacit\u00e9.<\/p>\n<p>Il a indiqu\u00e9 que l\u2019OAGE est une entit\u00e9 professionnelle qui s\u2019efforce \u00e0 mettre en \u0153uvre ses objectifs, \u00e0 travers les \u00e9changes d\u2019expertises, la tenue de conf\u00e9rences, de colloques, des visites d\u2019information, la mise en place de r\u00e9seaux sous r\u00e9gionaux ad-hoc en vue de renforcer la participation \u00e9lectorale.<\/p>\n","protected":false},"excerpt":{"rendered":"<p>Les travaux de la 4\u00b0 \u00e9dition de l\u2019Assembl\u00e9e G\u00e9n\u00e9rale de l\u2019Organisation arabe des organismes de gestion des \u00e9lections ont d\u00e9marr\u00e9 aujourd\u2019hui mercredi \u00e0 Nouakchott. Accueillie par l<\/p>\n","protected":false},"author":1,"featured_media":176969,"comment_status":"closed","ping_status":"closed","sticky":false,"template":"","format":"standard","meta":{"footnotes":""},"categories":[],"tags":[62476,63993,62753,63478],"class_list":["post-82120","post","type-post","status-publish","format-standard","has-post-thumbnail","hentry","tag-nouakchott","tag-politique","tag-rabani","tag-syde"],"_links":{"self":[{"href":"https:\/\/ami.mr\/fr\/wp-json\/wp\/v2\/posts\/82120","targetHints":{"allow":["GET"]}}],"collection":[{"href":"https:\/\/ami.mr\/fr\/wp-json\/wp\/v2\/posts"}],"about":[{"href":"https:\/\/ami.mr\/fr\/wp-json\/wp\/v2\/types\/post"}],"author":[{"embeddable":true,"href":"https:\/\/ami.mr\/fr\/wp-json\/wp\/v2\/users\/1"}],"replies":[{"embeddable":true,"href":"https:\/\/ami.mr\/fr\/wp-json\/wp\/v2\/comments?post=82120"}],"version-history":[{"count":1,"href":"https:\/\/ami.mr\/fr\/wp-json\/wp\/v2\/posts\/82120\/revisions"}],"predecessor-version":[{"id":176968,"href":"https:\/\/ami.mr\/fr\/wp-json\/wp\/v2\/posts\/82120\/revisions\/176968"}],"wp:featuredmedia":[{"embeddable":true,"href":"https:\/\/ami.mr\/fr\/wp-json\/wp\/v2\/media\/176969"}],"wp:attachment":[{"href":"https:\/\/ami.mr\/fr\/wp-json\/wp\/v2\/media?parent=82120"}],"wp:term":[{"taxonomy":"category","embeddable":true,"href":"https:\/\/ami.mr\/fr\/wp-json\/wp\/v2\/categories?post=82120"},{"taxonomy":"post_tag","embeddable":true,"href":"https:\/\/ami.mr\/fr\/wp-json\/wp\/v2\/tags?post=82120"}],"curies":[{"name":"wp","href":"https:\/\/api.w.org\/{rel}","templated":true}]}}