{"id":82118,"date":"2020-03-04T14:06:24","date_gmt":"2020-03-04T14:06:24","guid":{"rendered":"http:\/\/192.168.64.2\/fr\/index.php\/2020\/03\/04\/le-ministre-delegue-charge-de-linvestissement-sentretient-avec-lambassadeur-des-usa\/"},"modified":"2022-07-05T01:23:58","modified_gmt":"2022-07-05T01:23:58","slug":"le-ministre-delegue-charge-de-linvestissement-sentretient-avec-lambassadeur-des-usa","status":"publish","type":"post","link":"https:\/\/ami.mr\/fr\/archives\/82118","title":{"rendered":"Le Ministre d\u00e9l\u00e9gu\u00e9 charg\u00e9 de l\u2019investissement s\u2019entretient avec l\u2019ambassadeur des USA"},"content":{"rendered":"<p>M. Hbib Ould Ham, ministre d\u00e9l\u00e9gu\u00e9 aupr\u00e8s du ministre de l\u2019\u00e9conomie et de l\u2019industrie, charg\u00e9 de la promotion de l\u2019investissement et du d\u00e9veloppement industriel a eu mercredi matin des entretiens avec SEM. Michael Dodman, ambassadeur des Etats Unis d\u2019Am\u00e9rique accr\u00e9dit\u00e9 en Mauritanie.<\/p>\n<p>Les entretiens, qui se sont d\u00e9roul\u00e9s en pr\u00e9sence de M. Ahmed Mahmoud Ould Soueid Ahmed, secr\u00e9taire g\u00e9n\u00e9ral du minist\u00e8re d\u00e9l\u00e9gu\u00e9, ont abord\u00e9 les diff\u00e9rents volets de la coop\u00e9ration existant entre notre pays et les Etats Unis en particulier dans le domaine de la promotion de l\u2019investissement et du d\u00e9veloppement industriel.<\/p>\n","protected":false},"excerpt":{"rendered":"<p>M. Hbib Ould Ham, ministre d\u00e9l\u00e9gu\u00e9 aupr\u00e8s du ministre de l\u2019\u00e9conomie et de l\u2019industrie, charg\u00e9 de la promotion de l\u2019investissement et du d\u00e9veloppement industriel a eu mercredi matin des entretiens avec SEM<\/p>\n","protected":false},"author":1,"featured_media":176967,"comment_status":"closed","ping_status":"closed","sticky":false,"template":"","format":"standard","meta":{"footnotes":""},"categories":[],"tags":[63990,62476,62753],"class_list":["post-82118","post","type-post","status-publish","format-standard","has-post-thumbnail","hentry","tag-activites-gouvernementales","tag-nouakchott","tag-rabani"],"_links":{"self":[{"href":"https:\/\/ami.mr\/fr\/wp-json\/wp\/v2\/posts\/82118","targetHints":{"allow":["GET"]}}],"collection":[{"href":"https:\/\/ami.mr\/fr\/wp-json\/wp\/v2\/posts"}],"about":[{"href":"https:\/\/ami.mr\/fr\/wp-json\/wp\/v2\/types\/post"}],"author":[{"embeddable":true,"href":"https:\/\/ami.mr\/fr\/wp-json\/wp\/v2\/users\/1"}],"replies":[{"embeddable":true,"href":"https:\/\/ami.mr\/fr\/wp-json\/wp\/v2\/comments?post=82118"}],"version-history":[{"count":1,"href":"https:\/\/ami.mr\/fr\/wp-json\/wp\/v2\/posts\/82118\/revisions"}],"predecessor-version":[{"id":176966,"href":"https:\/\/ami.mr\/fr\/wp-json\/wp\/v2\/posts\/82118\/revisions\/176966"}],"wp:featuredmedia":[{"embeddable":true,"href":"https:\/\/ami.mr\/fr\/wp-json\/wp\/v2\/media\/176967"}],"wp:attachment":[{"href":"https:\/\/ami.mr\/fr\/wp-json\/wp\/v2\/media?parent=82118"}],"wp:term":[{"taxonomy":"category","embeddable":true,"href":"https:\/\/ami.mr\/fr\/wp-json\/wp\/v2\/categories?post=82118"},{"taxonomy":"post_tag","embeddable":true,"href":"https:\/\/ami.mr\/fr\/wp-json\/wp\/v2\/tags?post=82118"}],"curies":[{"name":"wp","href":"https:\/\/api.w.org\/{rel}","templated":true}]}}