{"id":82088,"date":"2020-03-03T17:43:23","date_gmt":"2020-03-03T17:43:23","guid":{"rendered":"http:\/\/192.168.64.2\/fr\/index.php\/2020\/03\/03\/le-ministre-secretaire-general-du-gouvernement-se-reunit-avec-les-secretaires-generaux-des-departements-ministeriels\/"},"modified":"2022-07-05T01:23:05","modified_gmt":"2022-07-05T01:23:05","slug":"le-ministre-secretaire-general-du-gouvernement-se-reunit-avec-les-secretaires-generaux-des-departements-ministeriels","status":"publish","type":"post","link":"https:\/\/ami.mr\/fr\/archives\/82088","title":{"rendered":"Le ministre secr\u00e9taire g\u00e9n\u00e9ral du gouvernement se r\u00e9unit avec les secr\u00e9taires g\u00e9n\u00e9raux des d\u00e9partements minist\u00e9riels"},"content":{"rendered":"<p>Le ministre secr\u00e9taire g\u00e9n\u00e9ral du gouvernement, M. Jibril Hamadi Niang, a pr\u00e9sid\u00e9, ce mardi \u00e0 la Primature, la r\u00e9union p\u00e9riodique des secr\u00e9taires g\u00e9n\u00e9raux des d\u00e9partements minist\u00e9riels.<\/p>\n<p>La rencontre a \u00e9t\u00e9 consacr\u00e9e \u00e0 l\u2019examen des dispositions pratiques \u00e0 la dynamisation du m\u00e9canisme de coordination entre les diff\u00e9rents minist\u00e8res pour rendre l\u2019action du gouvernement plus efficace.<\/p>\n<p>Il s\u2019agit surtout de suivre l\u2019ex\u00e9cution des plans d\u2019action, d\u2019appliquer les instructions du gouvernement et de rendre compte de l\u2019\u00e9tat d\u2019avancement des programmes et projets \u00e0 travers l\u2019\u00e9tablissement de rapports circonstanci\u00e9s r\u00e9guliers de mani\u00e8re \u00e0 permettre aux sph\u00e8res de d\u00e9cision d\u2019intervenir en temps opportun pour lever les obstacles \u00e9ventuels qui compromettraient leur ex\u00e9cution dans les d\u00e9lais impartis et selon les normes d\u00e9finies.<\/p>\n<p>Dans ce cadre, il a \u00e9t\u00e9 d\u00e9cid\u00e9, qu\u2019au cours de chaque rencontre mensuelle, trois secr\u00e9taires g\u00e9n\u00e9raux pr\u00e9sentent des expos\u00e9s d\u00e9taill\u00e9s sur l\u2019\u00e9tat d\u2019avancement des plans sectoriels de leurs d\u00e9partements.<\/p>\n<p>A cet effet, un accent particulier sera mis sur les actions inscrites au titre du programme \u00ab Mes priorit\u00e9s \u00bb dont les projets et programmes feront sp\u00e9cifiquement l\u2019objet de rapports quotidiens sur l\u2019\u00e9tat de leur ex\u00e9cution dans chaque wilaya, une commission r\u00e9gionale ayant la charge de les \u00e9tablir et de les faire parvenir aux parties concern\u00e9es.<\/p>\n<p>Au cours de la r\u00e9union, l\u2019importance du respect des principes de la bonne gouvernance et de la transparence dans la gestion a \u00e9t\u00e9 soulign\u00e9e, et les secr\u00e9taires g\u00e9n\u00e9raux ont \u00e9t\u00e9 officiellement inform\u00e9s de la volont\u00e9 des autorit\u00e9s publiques de dynamiser les structures de contr\u00f4le et d\u2019inspection pour relever tout dysfonctionnement et apporter conseil et assistance \u00e0 tous les responsables en charge de la gestion de services publics pour renforcer les m\u00e9canismes, pratiques et modes de gestion de fa\u00e7on professionnelle.<\/p>\n<p>Dans cet objectif, des modules de formation seront d\u00e9velopp\u00e9s \u00e0 l\u2019attention des gestionnaires, et un s\u00e9minaire de formation sur les march\u00e9s publics sera prochainement organis\u00e9 sur le th\u00e8me des techniques d\u2019acc\u00e9l\u00e9ration des proc\u00e9dures concomitamment \u00e0 la garantie de transparence et d\u2019efficacit\u00e9.<\/p>\n<p>Les secr\u00e9taires g\u00e9n\u00e9raux des d\u00e9partements minist\u00e9riels ont \u00e9t\u00e9 instruits aux fins de rapprocher davantage le service public des usagers, de r\u00e9pondre promptement \u00e0 leurs sollicitations et de traiter diligemment tous les dossiers li\u00e9s aux plaintes et r\u00e9clamations des citoyens.<\/p>\n","protected":false},"excerpt":{"rendered":"<p>Le ministre secr\u00e9taire g\u00e9n\u00e9ral du gouvernement, M. Jibril Hamadi Niang, a pr\u00e9sid\u00e9, ce mardi \u00e0 la Primature, la r\u00e9union p\u00e9riodique des secr\u00e9taires g\u00e9n\u00e9raux des d\u00e9partements minist\u00e9riels<\/p>\n","protected":false},"author":1,"featured_media":176937,"comment_status":"closed","ping_status":"closed","sticky":false,"template":"","format":"standard","meta":{"footnotes":""},"categories":[],"tags":[63990,62750,62476],"class_list":["post-82088","post","type-post","status-publish","format-standard","has-post-thumbnail","hentry","tag-activites-gouvernementales","tag-munina","tag-nouakchott"],"_links":{"self":[{"href":"https:\/\/ami.mr\/fr\/wp-json\/wp\/v2\/posts\/82088","targetHints":{"allow":["GET"]}}],"collection":[{"href":"https:\/\/ami.mr\/fr\/wp-json\/wp\/v2\/posts"}],"about":[{"href":"https:\/\/ami.mr\/fr\/wp-json\/wp\/v2\/types\/post"}],"author":[{"embeddable":true,"href":"https:\/\/ami.mr\/fr\/wp-json\/wp\/v2\/users\/1"}],"replies":[{"embeddable":true,"href":"https:\/\/ami.mr\/fr\/wp-json\/wp\/v2\/comments?post=82088"}],"version-history":[{"count":1,"href":"https:\/\/ami.mr\/fr\/wp-json\/wp\/v2\/posts\/82088\/revisions"}],"predecessor-version":[{"id":176936,"href":"https:\/\/ami.mr\/fr\/wp-json\/wp\/v2\/posts\/82088\/revisions\/176936"}],"wp:featuredmedia":[{"embeddable":true,"href":"https:\/\/ami.mr\/fr\/wp-json\/wp\/v2\/media\/176937"}],"wp:attachment":[{"href":"https:\/\/ami.mr\/fr\/wp-json\/wp\/v2\/media?parent=82088"}],"wp:term":[{"taxonomy":"category","embeddable":true,"href":"https:\/\/ami.mr\/fr\/wp-json\/wp\/v2\/categories?post=82088"},{"taxonomy":"post_tag","embeddable":true,"href":"https:\/\/ami.mr\/fr\/wp-json\/wp\/v2\/tags?post=82088"}],"curies":[{"name":"wp","href":"https:\/\/api.w.org\/{rel}","templated":true}]}}