{"id":82047,"date":"2020-03-02T12:48:42","date_gmt":"2020-03-02T12:48:42","guid":{"rendered":"http:\/\/192.168.64.2\/fr\/index.php\/2020\/03\/02\/retour-a-nouakchott-du-president-du-conseil-constitutionnel-5\/"},"modified":"2022-07-05T01:21:48","modified_gmt":"2022-07-05T01:21:48","slug":"retour-a-nouakchott-du-president-du-conseil-constitutionnel-5","status":"publish","type":"post","link":"https:\/\/ami.mr\/fr\/archives\/82047","title":{"rendered":"Retour \u00e0 Nouakchott du pr\u00e9sident du Conseil constitutionnel"},"content":{"rendered":"<p>M. Diallo Mamadou Bathia, pr\u00e9sident du conseil constitutionnel a regagn\u00e9 la capitale en provenance de la R\u00e9publique d\u2019Egypte apr\u00e8s avoir pris part \u00e0 la conf\u00e9rence de haut niveau des pr\u00e9sidents des conseils constitutionnels et Cours supr\u00eames d\u2019Afrique tenue du 22 au 29 f\u00e9vrier dernier au Caire.<br \/>\nLa conf\u00e9rence a donn\u00e9 lieu \u00e0 une d\u00e9claration, dite &#8221;D\u00e9claration du Caire&#8221; qui garantit les mesures propres \u00e0 faire atteindre les objectifs communs des peuples du continent dans le domaine judiciaire.<br \/>\nLe pr\u00e9sident du Conseil constitutionnel \u00e9tait accompagn\u00e9 au cours de ce voyage par M. Sidi Baba Ould Bekaye, charg\u00e9 des affaires administratives et les relations ext\u00e9rieures au Conseil.<\/p>\n","protected":false},"excerpt":{"rendered":"<p>M. Diallo Mamadou Bathia, pr\u00e9sident du conseil constitutionnel a regagn\u00e9 la capitale en provenance de la R\u00e9publique d\u2019Egypte apr\u00e8s avoir pris part \u00e0 la conf\u00e9rence de haut niveau des pr\u00e9sidents des conseils constitutionnels et Cours supr\u00eames d\u2019Afrique tenu<\/p>\n","protected":false},"author":1,"featured_media":176896,"comment_status":"closed","ping_status":"closed","sticky":false,"template":"","format":"standard","meta":{"footnotes":""},"categories":[],"tags":[63971,62476,62753],"class_list":["post-82047","post","type-post","status-publish","format-standard","has-post-thumbnail","hentry","tag-justice-legislation","tag-nouakchott","tag-rabani"],"_links":{"self":[{"href":"https:\/\/ami.mr\/fr\/wp-json\/wp\/v2\/posts\/82047","targetHints":{"allow":["GET"]}}],"collection":[{"href":"https:\/\/ami.mr\/fr\/wp-json\/wp\/v2\/posts"}],"about":[{"href":"https:\/\/ami.mr\/fr\/wp-json\/wp\/v2\/types\/post"}],"author":[{"embeddable":true,"href":"https:\/\/ami.mr\/fr\/wp-json\/wp\/v2\/users\/1"}],"replies":[{"embeddable":true,"href":"https:\/\/ami.mr\/fr\/wp-json\/wp\/v2\/comments?post=82047"}],"version-history":[{"count":1,"href":"https:\/\/ami.mr\/fr\/wp-json\/wp\/v2\/posts\/82047\/revisions"}],"predecessor-version":[{"id":176895,"href":"https:\/\/ami.mr\/fr\/wp-json\/wp\/v2\/posts\/82047\/revisions\/176895"}],"wp:featuredmedia":[{"embeddable":true,"href":"https:\/\/ami.mr\/fr\/wp-json\/wp\/v2\/media\/176896"}],"wp:attachment":[{"href":"https:\/\/ami.mr\/fr\/wp-json\/wp\/v2\/media?parent=82047"}],"wp:term":[{"taxonomy":"category","embeddable":true,"href":"https:\/\/ami.mr\/fr\/wp-json\/wp\/v2\/categories?post=82047"},{"taxonomy":"post_tag","embeddable":true,"href":"https:\/\/ami.mr\/fr\/wp-json\/wp\/v2\/tags?post=82047"}],"curies":[{"name":"wp","href":"https:\/\/api.w.org\/{rel}","templated":true}]}}