{"id":82042,"date":"2020-03-01T22:07:30","date_gmt":"2020-03-01T22:07:30","guid":{"rendered":"http:\/\/192.168.64.2\/fr\/index.php\/2020\/03\/01\/le-president-de-lupr-le-1er-mars-marque-le-debut-dune-impulsion-nationale-inclusive\/"},"modified":"2022-07-05T01:21:39","modified_gmt":"2022-07-05T01:21:39","slug":"le-president-de-lupr-le-1er-mars-marque-le-debut-dune-impulsion-nationale-inclusive","status":"publish","type":"post","link":"https:\/\/ami.mr\/fr\/archives\/82042","title":{"rendered":"Le pr\u00e9sident de l\u2019UPR : Le 1er mars marque le d\u00e9but  d\u2019une impulsion nationale inclusive"},"content":{"rendered":"<p>Le parti de l\u2019Union pour la R\u00e9publique (l\u2019UPR) a organis\u00e9, dimanche soir \u00e0 Nouakchott, une c\u00e9r\u00e9monie de lancement d\u2019une campagne nationale de vulgarisation des r\u00e9sultats de son 2\u00e8me congr\u00e8s ordinaire et les r\u00e9alisations accomplies dans le cadre de la mise en \u0153uvre du programme \u00e9lectoral du Pr\u00e9sident de la R\u00e9publique (Taahoudaty).<br \/>\nS\u2019exprimant \u00e0 cette l\u2019occasion, le  pr\u00e9sident de l\u2019UPR, M. Sidi Mohamed Ould Taleb Amar, a soulign\u00e9 : \u00ab Le 1er mars 2019 marque le d\u00e9but d\u2019une marche nationale vers le progr\u00e8s et la prosp\u00e9rit\u00e9 \u00bb.<br \/>\nIl a ajout\u00e9 : \u00ab Nous vivons une p\u00e9riode historique qui inaugure une nouvelle \u00e8re, celle de la justice, de l\u2019\u00e9quit\u00e9, du d\u00e9veloppement et de la prosp\u00e9rit\u00e9. Il s\u2019agit d\u2019une  \u00e8re d\u2019autonomie, de pr\u00e9servation de l\u2019identit\u00e9, de l\u2019unit\u00e9 nationale, de d\u00e9fense de l\u2019honneur et de l\u2019inspiration des le\u00e7ons de notre glorieuse histoire \u00bb.<br \/>\nAu sujet du dernier congr\u00e8s du parti, M. Ould Taleb Amar, a pr\u00e9cis\u00e9 qu\u2019il a permis de : \u00ab Clarifier la vision, de corriger le processus et d\u2019\u00e9touffer les racines d\u2019une crise interne inopportune.  Il \u00e9tait n\u00e9cessaire  pour \u00e9tablir les liens \u00e9troits entre les programmes politique et \u00e9lectoral \u00bb<br \/>\nLe Pr\u00e9sident de l\u2019UPR a  exhort\u00e9 les personnes de bonnes volont\u00e9s \u00e0 aider les franges d\u00e9munies \u00e0 l\u2019acc\u00e8s aux ambitieux projets  dans le cadre du programme Taahoudaty.<br \/>\nIl a enfin pr\u00e9cis\u00e9 que sa formation  d\u00e9p\u00eachera des missions \u00e0 l\u2019int\u00e9rieur du pays pour s\u2019enqu\u00e9rir des conditions de vie des populations et l\u2019identification de leurs probl\u00e8mes  pour les soumettre aux autorit\u00e9s afin que des solutions leurs soient trouv\u00e9es.<\/p>\n","protected":false},"excerpt":{"rendered":"<p>Le parti de l\u2019Union pour la R\u00e9publique (l\u2019UPR) a organis\u00e9, dimanche soir \u00e0 Nouakchott, une c\u00e9r\u00e9monie de lancement d\u2019une campagne nationale de vulgarisation des r\u00e9sultats de son 2\u00e8me congr\u00e8s ordinaire et les r\u00e9alisations accomplies dans le cadre de la mis<\/p>\n","protected":false},"author":1,"featured_media":0,"comment_status":"closed","ping_status":"closed","sticky":false,"template":"","format":"standard","meta":{"footnotes":""},"categories":[],"tags":[62985,62476,63993],"class_list":["post-82042","post","type-post","status-publish","format-standard","hentry","tag-nafa","tag-nouakchott","tag-politique"],"_links":{"self":[{"href":"https:\/\/ami.mr\/fr\/wp-json\/wp\/v2\/posts\/82042","targetHints":{"allow":["GET"]}}],"collection":[{"href":"https:\/\/ami.mr\/fr\/wp-json\/wp\/v2\/posts"}],"about":[{"href":"https:\/\/ami.mr\/fr\/wp-json\/wp\/v2\/types\/post"}],"author":[{"embeddable":true,"href":"https:\/\/ami.mr\/fr\/wp-json\/wp\/v2\/users\/1"}],"replies":[{"embeddable":true,"href":"https:\/\/ami.mr\/fr\/wp-json\/wp\/v2\/comments?post=82042"}],"version-history":[{"count":1,"href":"https:\/\/ami.mr\/fr\/wp-json\/wp\/v2\/posts\/82042\/revisions"}],"predecessor-version":[{"id":176890,"href":"https:\/\/ami.mr\/fr\/wp-json\/wp\/v2\/posts\/82042\/revisions\/176890"}],"wp:attachment":[{"href":"https:\/\/ami.mr\/fr\/wp-json\/wp\/v2\/media?parent=82042"}],"wp:term":[{"taxonomy":"category","embeddable":true,"href":"https:\/\/ami.mr\/fr\/wp-json\/wp\/v2\/categories?post=82042"},{"taxonomy":"post_tag","embeddable":true,"href":"https:\/\/ami.mr\/fr\/wp-json\/wp\/v2\/tags?post=82042"}],"curies":[{"name":"wp","href":"https:\/\/api.w.org\/{rel}","templated":true}]}}