{"id":82041,"date":"2020-03-01T21:49:04","date_gmt":"2020-03-01T21:49:04","guid":{"rendered":"http:\/\/192.168.64.2\/fr\/index.php\/2020\/03\/01\/une-delegation-de-lunpm-se-rend-a-banjul\/"},"modified":"2022-07-05T01:21:39","modified_gmt":"2022-07-05T01:21:39","slug":"une-delegation-de-lunpm-se-rend-a-banjul","status":"publish","type":"post","link":"https:\/\/ami.mr\/fr\/archives\/82041","title":{"rendered":"Une d\u00e9l\u00e9gation de l\u2019UNPM se rend \u00e0 Banjul"},"content":{"rendered":"<p>Une d\u00e9l\u00e9gation de l\u2019Union Nationale du Patronat Mauritanien, conduite par le pr\u00e9sident de l\u2019Union, M. Mohamed Zein El Abidine Ould Cheikh Ahmed a quitt\u00e9 Nouakchott,Jeudi , \u00e0 destination de la capitale gambienne, Banjul, pour une visite de trois jours sur invitation du pr\u00e9sident gambien, M. Adama Baro.<\/p>\n<p>Durant leur s\u00e9jour \u00e0 Banjul, les membres  de la d\u00e9l\u00e9gation d\u2019hommes d\u2019affaires mauritaniens rencontreront certains de leurs coll\u00e8gues gambiens avec lesquels ils discuteront les relations de coop\u00e9ration entre leurs organisations respectives et les moyens de renforcer l\u2019int\u00e9gration commerciales et \u00e9conomiques entre les secteurs priv\u00e9s des deux pays.<\/p>\n<p>De m\u00eame, ils auront des entretiens avec les responsables gambiens concern\u00e9s par les \u00e9changes commerciaux.<\/p>\n","protected":false},"excerpt":{"rendered":"<p>Une d\u00e9l\u00e9gation de l\u2019Union Nationale du Patronat Mauritanien, conduite par le pr\u00e9sident de l\u2019Union, M. Mohamed Zein El Abidine Ould Cheikh Ahmed a quitt\u00e9 Nouakchott,Jeudi , \u00e0 destination de la capitale gambienne, Banjul, pour une visite de trois jours sur<\/p>\n","protected":false},"author":1,"featured_media":0,"comment_status":"closed","ping_status":"closed","sticky":false,"template":"","format":"standard","meta":{"footnotes":""},"categories":[9],"tags":[62985,62476],"class_list":["post-82041","post","type-post","status-publish","format-standard","hentry","category-9","tag-nafa","tag-nouakchott"],"_links":{"self":[{"href":"https:\/\/ami.mr\/fr\/wp-json\/wp\/v2\/posts\/82041","targetHints":{"allow":["GET"]}}],"collection":[{"href":"https:\/\/ami.mr\/fr\/wp-json\/wp\/v2\/posts"}],"about":[{"href":"https:\/\/ami.mr\/fr\/wp-json\/wp\/v2\/types\/post"}],"author":[{"embeddable":true,"href":"https:\/\/ami.mr\/fr\/wp-json\/wp\/v2\/users\/1"}],"replies":[{"embeddable":true,"href":"https:\/\/ami.mr\/fr\/wp-json\/wp\/v2\/comments?post=82041"}],"version-history":[{"count":1,"href":"https:\/\/ami.mr\/fr\/wp-json\/wp\/v2\/posts\/82041\/revisions"}],"predecessor-version":[{"id":176889,"href":"https:\/\/ami.mr\/fr\/wp-json\/wp\/v2\/posts\/82041\/revisions\/176889"}],"wp:attachment":[{"href":"https:\/\/ami.mr\/fr\/wp-json\/wp\/v2\/media?parent=82041"}],"wp:term":[{"taxonomy":"category","embeddable":true,"href":"https:\/\/ami.mr\/fr\/wp-json\/wp\/v2\/categories?post=82041"},{"taxonomy":"post_tag","embeddable":true,"href":"https:\/\/ami.mr\/fr\/wp-json\/wp\/v2\/tags?post=82041"}],"curies":[{"name":"wp","href":"https:\/\/api.w.org\/{rel}","templated":true}]}}