{"id":82039,"date":"2020-03-01T18:57:02","date_gmt":"2020-03-01T18:57:02","guid":{"rendered":"http:\/\/192.168.64.2\/fr\/index.php\/2020\/03\/01\/le-ministre-de-linterieur-se-felicite-des-efforts-deployes-par-la-securite-civile\/"},"modified":"2022-07-05T01:21:25","modified_gmt":"2022-07-05T01:21:25","slug":"le-ministre-de-linterieur-se-felicite-des-efforts-deployes-par-la-securite-civile","status":"publish","type":"post","link":"https:\/\/ami.mr\/fr\/archives\/82039","title":{"rendered":"Le ministre de l&#8217;Int\u00e9rieur se f\u00e9licite des efforts d\u00e9ploy\u00e9s par la s\u00e9curit\u00e9 civile"},"content":{"rendered":"<p>Le ministre de l&#8217;Int\u00e9rieur et de la D\u00e9centralisation, Dr Mohamed Salem Ould Merzoug, a pr\u00e9sid\u00e9, dimanche \u00e0 Nouakchott, une r\u00e9union des cadres de la d\u00e9l\u00e9gation g\u00e9n\u00e9rale de la s\u00e9curit\u00e9 civile et de la gestion des crises, en pr\u00e9sence du g\u00e9n\u00e9ral de brigade Khattar Ould Mohamed M&#8217;Bareck, directeur g\u00e9n\u00e9ral de la S\u00e9curit\u00e9 civile.<\/p>\n<p>A cette occasion, le ministre a insist\u00e9 sur la grande importance qu&#8217;attache le Pr\u00e9sident de la R\u00e9publique, Son Excellence Monsieur Mohamed Oud Cheikh El Ghazouani \u00e0 la s\u00e9curit\u00e9 civile, ce qui se refl\u00e8te \u00e0 travers les ressources allou\u00e9es \u00e0 la d\u00e9l\u00e9gation pour lui permettre d&#8217;acqu\u00e9rir le mat\u00e9riel dont elle a besoin, l&#8217;am\u00e9lioration des comp\u00e9tences et l&#8217;augmentation des casernes et des centres de secours sur toute l&#8217;\u00e9tendue du territoire national, mais aussi \u00e0 travers la mise en place d&#8217;un plan d&#8217;action strat\u00e9gique pour les cinq prochaines ann\u00e9es et la cr\u00e9ation programm\u00e9e d&#8217;un nouveau corps de la s\u00e9curit\u00e9 sociale, \u00e0 l&#8217;image des autres secteurs s\u00e9curitaires.<\/p>\n<p>Le d\u00e9l\u00e9gu\u00e9 g\u00e9n\u00e9ral s&#8217;est r\u00e9joui du soutien et de l&#8217;appui des pouvoirs publics pour les am\u00e9liorations qualitatives apport\u00e9es \u00e0 la s\u00e9curit\u00e9 civile et qui lui valent aujourd&#8217;hui de jouer pleinement son r\u00f4le.<\/p>\n","protected":false},"excerpt":{"rendered":"<p>Le ministre de l&#8217;Int\u00e9rieur et de la D\u00e9centralisation, Dr Mohamed Salem Ould Merzoug, a pr\u00e9sid\u00e9, dimanche \u00e0 Nouakchott, une r\u00e9union des cadres de la d\u00e9l\u00e9gation g\u00e9n\u00e9rale de la s\u00e9curit\u00e9 civile et de la gestion des crises, en pr\u00e9sence du g\u00e9n\u00e9ral de brigade Kh<\/p>\n","protected":false},"author":1,"featured_media":176888,"comment_status":"closed","ping_status":"closed","sticky":false,"template":"","format":"standard","meta":{"footnotes":""},"categories":[],"tags":[63990,62985,62476],"class_list":["post-82039","post","type-post","status-publish","format-standard","has-post-thumbnail","hentry","tag-activites-gouvernementales","tag-nafa","tag-nouakchott"],"_links":{"self":[{"href":"https:\/\/ami.mr\/fr\/wp-json\/wp\/v2\/posts\/82039","targetHints":{"allow":["GET"]}}],"collection":[{"href":"https:\/\/ami.mr\/fr\/wp-json\/wp\/v2\/posts"}],"about":[{"href":"https:\/\/ami.mr\/fr\/wp-json\/wp\/v2\/types\/post"}],"author":[{"embeddable":true,"href":"https:\/\/ami.mr\/fr\/wp-json\/wp\/v2\/users\/1"}],"replies":[{"embeddable":true,"href":"https:\/\/ami.mr\/fr\/wp-json\/wp\/v2\/comments?post=82039"}],"version-history":[{"count":1,"href":"https:\/\/ami.mr\/fr\/wp-json\/wp\/v2\/posts\/82039\/revisions"}],"predecessor-version":[{"id":176887,"href":"https:\/\/ami.mr\/fr\/wp-json\/wp\/v2\/posts\/82039\/revisions\/176887"}],"wp:featuredmedia":[{"embeddable":true,"href":"https:\/\/ami.mr\/fr\/wp-json\/wp\/v2\/media\/176888"}],"wp:attachment":[{"href":"https:\/\/ami.mr\/fr\/wp-json\/wp\/v2\/media?parent=82039"}],"wp:term":[{"taxonomy":"category","embeddable":true,"href":"https:\/\/ami.mr\/fr\/wp-json\/wp\/v2\/categories?post=82039"},{"taxonomy":"post_tag","embeddable":true,"href":"https:\/\/ami.mr\/fr\/wp-json\/wp\/v2\/tags?post=82039"}],"curies":[{"name":"wp","href":"https:\/\/api.w.org\/{rel}","templated":true}]}}