{"id":82037,"date":"2020-03-01T16:56:21","date_gmt":"2020-03-01T16:56:21","guid":{"rendered":"http:\/\/192.168.64.2\/fr\/index.php\/2020\/03\/01\/notre-pays-celebre-la-journee-mondiale-de-la-protection-civile-sous-le-slogan-un-secouriste-pour-chaque-foyer\/"},"modified":"2022-07-05T01:21:22","modified_gmt":"2022-07-05T01:21:22","slug":"notre-pays-celebre-la-journee-mondiale-de-la-protection-civile-sous-le-slogan-un-secouriste-pour-chaque-foyer","status":"publish","type":"post","link":"https:\/\/ami.mr\/fr\/archives\/82037","title":{"rendered":"Notre pays c\u00e9l\u00e8bre la Journ\u00e9e mondiale de la protection civile sous le slogan &#8220;Un secouriste pour chaque foyer&#8221;"},"content":{"rendered":"<p>Notre pays a comm\u00e9mor\u00e9 dimanche, \u00e0 l\u2019instar de la communaut\u00e9 internationale, la Journ\u00e9e internationale de la protection civile, qui co\u00efncide avec le 1er mars de chaque ann\u00e9e, sous le slogan &#8220;Un m\u00e9decin pour chaque foyer&#8221;.<\/p>\n<p>La c\u00e9r\u00e9monie tenue \u00e0 cette occasion au si\u00e8ge de la protection civile \u00e0 Tevragh Zeina (Nouakchott Ouest) a \u00e9t\u00e9 supervis\u00e9e par le ministre de l&#8217;int\u00e9rieur et de la d\u00e9centralisation en pr\u00e9sence de ses homologues de la d\u00e9fense nationale ; de la sant\u00e9 et de l&#8217;\u00e9quipement et des transports. Elle a \u00e9t\u00e9 marqu\u00e9e par un lever des couleurs nationales et la distribution d\u2019un certain nombre de m\u00e9dailles d\u00e9cern\u00e9es par l&#8217;Organisation internationale de la protection civile au profit d&#8217;un certain nombre d&#8217;officiers de notre pays qui se sont distingu\u00e9s dans le domaine. Ensuite, la d\u00e9l\u00e9gation minist\u00e9rielle a eu \u00e0 visiter l&#8217;exposition des mat\u00e9riels et outils de protection civile.<\/p>\n<p>Le ministre de l&#8217;Int\u00e9rieur et de la D\u00e9centralisation, Dr Mohamed Salem Ould Merzoug, accompagn\u00e9 du d\u00e9l\u00e9gu\u00e9 g\u00e9n\u00e9ral de la protection civile et de la gestion des crises, g\u00e9n\u00e9ral de division Khattar Ould Mohamed M\u2019Bareck, ont pass\u00e9 en revue des unit\u00e9s de protection civile qui leur ont rendu les honneurs.<\/p>\n<p>Les activit\u00e9s comm\u00e9moratives de cette journ\u00e9e comprennet \u00e9galement une r\u00e9union au si\u00e8ge du minist\u00e8re \u00e0 Nouakchott entre le ministre de l&#8217;Int\u00e9rieur et de la D\u00e9centralisation et le staff de la protection civile.<\/p>\n<p>Le ministre de l&#8217;Int\u00e9rieur et de la D\u00e9centralisation a affirm\u00e9, dans un mot pour la circonstance, que l\u2019objectif de la c\u00e9l\u00e9bration de cette journ\u00e9e, qui est une f\u00eate internationale de la protection civile, est de diffuser la prise de conscience et de sensibiliser aux principales missions de la protection civile, qui sont : assurer la s\u00e9curit\u00e9 civile, prot\u00e9ger les individus et leurs biens, et diffuser la culture pr\u00e9ventive contre les risques.<\/p>\n<p>Il a soulign\u00e9 que la croissance \u00e9conomique que conna\u00eet le pays, les perspectives d&#8217;avenir prometteuses et les d\u00e9fis environnementaux majeurs qui en d\u00e9coulent, \u00e0 la lumi\u00e8re des changements climatiques et des effets de la situation g\u00e9ographique du pays sont, entre autres, des facteurs qui nous imposent de construire un appareil de s\u00e9curit\u00e9 capable de relever tous les d\u00e9fis, de prot\u00e9ger les citoyens et leurs biens et de contribuer au d\u00e9veloppement durable. .<\/p>\n<p>Dr Mohamed Salem Ould Merzoug a ajout\u00e9 qu\u2019en application de cette orientation, le d\u00e9partement a men\u00e9 des r\u00e9formes structurelles au terme desquelles la direction g\u00e9n\u00e9rale de la protection civile a \u00e9t\u00e9 transform\u00e9e en d\u00e9l\u00e9gation g\u00e9n\u00e9rale de la s\u00e9curit\u00e9 civile et de la gestion des crises depuis le 1er octobre 2019 avec l&#8217;octroi de pouvoirs plus larges.<\/p>\n<p>Les services techniques du d\u00e9partement planchent, en outre, sur l\u2019\u00e9laboration des textes l\u00e9gislatifs n\u00e9cessaires afin de relever les performances du secteur de la protection civile pour qu\u2019il devienne un corps para-militaire \u00e0 l\u2019instar des autres corps de la s\u00e9curit\u00e9.<\/p>\n<p>A son tour, le d\u00e9l\u00e9gu\u00e9 G\u00e9n\u00e9ral de la S\u00e9curit\u00e9 Civile et de la Gestion des Crises a expliqu\u00e9 que notre pays vit une augmentation des risques cons\u00e9cutifs au d\u00e9veloppement industriel et \u00e0 l&#8217;acc\u00e9l\u00e9ration de la croissance d\u00e9mographique et des changements climatiques qui l&#8217;accompagnent ainsi que du taux \u00e9lev\u00e9 d&#8217;accidents de la circulation. Autant de facteurs dit-il, qui nous obligent, plus que jamais, \u00e0 d\u00e9velopper nos m\u00e9thodes et \u00e0 doubler nos capacit\u00e9s pour que nous soyons au niveau de la responsabilit\u00e9, ce qui fait du slogan cette ann\u00e9e \u2018\u2019un secouriste pour chaque foyer\u2019\u2019 un slogan bien appropri\u00e9.<\/p>\n<p>Le D\u00e9l\u00e9gu\u00e9 g\u00e9n\u00e9ral a pass\u00e9 en revue les r\u00e9alisations de la Protection civile au cours de l&#8217;ann\u00e9e \u00e9coul\u00e9e, dont 2579 interventions r\u00e9parties entre dix-sept centres de secours, comprenant plusieurs domaines, notamment l&#8217;extinction des incendies, le sauvetage sous les d\u00e9combres, les premiers secours aux victimes d&#8217;accidents et la collecte de l&#8217;eau de pluie dans les habitations.<\/p>\n<p>Le g\u00e9n\u00e9ral de brigade, Khattar Ould Mohamed M\u2019Bareck a ajout\u00e9 que le secteur a d\u00e9velopp\u00e9 une strat\u00e9gie ambitieuse pour permettre \u00e0 la protection civile de jouer le r\u00f4le qui lui est d\u00e9volu et sous la forme requise sur tout le territoire national, avec au premier plan l\u2019implantation g\u00e9n\u00e9ralis\u00e9e des services de la protection civile pour couvrir de nouvelles zones \u00e0 forte densit\u00e9 de population et \u00e0 diverses activit\u00e9s \u00e9conomiques et la formation d&#8217;un grand nombre de secouristes, pompiers et agents param\u00e9dicaux de mani\u00e8re \u00e0 atteindre un secouriste pour chaque famille car le citoyen est cens\u00e9 \u00eatre le premier secouriste en cas de danger.<\/p>\n<p>Le d\u00e9l\u00e9gu\u00e9 g\u00e9n\u00e9ral a rappel\u00e9 les grandes avanc\u00e9es observ\u00e9es dans le secteur, qui permettront de renforcer les capacit\u00e9s des services techniques de la protection civile \u00e0 la fois qualitativement et qualitativement, notant la n\u00e9cessit\u00e9 de poursuivre les efforts d\u00e9ploy\u00e9s pour atteindre les objectifs souhait\u00e9s dans ce secteur crucial.<\/p>\n<p>La c\u00e9r\u00e9monie, s\u2019est d\u00e9roul\u00e9e en pr\u00e9sence des walis de Nouakchott Ouest, Nord et Sud, du directeur g\u00e9n\u00e9ral de la s\u00e9curit\u00e9 nationale, du commandant du Groupement g\u00e9n\u00e9ral pour la s\u00e9curit\u00e9 routi\u00e8re (GGSR) et du chef d\u2019\u00e9tat- major adjoint de la garde nationale.<\/p>\n","protected":false},"excerpt":{"rendered":"<p>Notre pays a comm\u00e9mor\u00e9 dimanche, \u00e0 l\u2019instar de la communaut\u00e9 internationale, la Journ\u00e9e internationale de la protection civile, qui co\u00efncide avec le 1er mars de chaque ann\u00e9e, sous le slogan &#8220;Un m\u00e9decin pour chaque foyer&#8221;<\/p>\n","protected":false},"author":1,"featured_media":176886,"comment_status":"closed","ping_status":"closed","sticky":false,"template":"","format":"standard","meta":{"footnotes":""},"categories":[],"tags":[63990,63367,62985,62476],"class_list":["post-82037","post","type-post","status-publish","format-standard","has-post-thumbnail","hentry","tag-activites-gouvernementales","tag-moctar","tag-nafa","tag-nouakchott"],"_links":{"self":[{"href":"https:\/\/ami.mr\/fr\/wp-json\/wp\/v2\/posts\/82037","targetHints":{"allow":["GET"]}}],"collection":[{"href":"https:\/\/ami.mr\/fr\/wp-json\/wp\/v2\/posts"}],"about":[{"href":"https:\/\/ami.mr\/fr\/wp-json\/wp\/v2\/types\/post"}],"author":[{"embeddable":true,"href":"https:\/\/ami.mr\/fr\/wp-json\/wp\/v2\/users\/1"}],"replies":[{"embeddable":true,"href":"https:\/\/ami.mr\/fr\/wp-json\/wp\/v2\/comments?post=82037"}],"version-history":[{"count":1,"href":"https:\/\/ami.mr\/fr\/wp-json\/wp\/v2\/posts\/82037\/revisions"}],"predecessor-version":[{"id":176885,"href":"https:\/\/ami.mr\/fr\/wp-json\/wp\/v2\/posts\/82037\/revisions\/176885"}],"wp:featuredmedia":[{"embeddable":true,"href":"https:\/\/ami.mr\/fr\/wp-json\/wp\/v2\/media\/176886"}],"wp:attachment":[{"href":"https:\/\/ami.mr\/fr\/wp-json\/wp\/v2\/media?parent=82037"}],"wp:term":[{"taxonomy":"category","embeddable":true,"href":"https:\/\/ami.mr\/fr\/wp-json\/wp\/v2\/categories?post=82037"},{"taxonomy":"post_tag","embeddable":true,"href":"https:\/\/ami.mr\/fr\/wp-json\/wp\/v2\/tags?post=82037"}],"curies":[{"name":"wp","href":"https:\/\/api.w.org\/{rel}","templated":true}]}}