{"id":82034,"date":"2020-02-29T19:33:37","date_gmt":"2020-02-29T19:33:37","guid":{"rendered":"http:\/\/192.168.64.2\/fr\/index.php\/2020\/02\/29\/le-wali-de-lassaba-visite-le-centre-hospitalier-de-kiffa-2\/"},"modified":"2022-07-05T01:21:17","modified_gmt":"2022-07-05T01:21:17","slug":"le-wali-de-lassaba-visite-le-centre-hospitalier-de-kiffa-2","status":"publish","type":"post","link":"https:\/\/ami.mr\/fr\/archives\/82034","title":{"rendered":"Le wali de l&#8217;Assaba visite le centre hospitalier de Kiffa"},"content":{"rendered":"<p>Le wali de l&#8217;Assaba, M. M&#8217;Rabih Rabou Ould Abidine, a visit\u00e9, samedi, le centre hospitalier de Kiffa.<\/p>\n<p>A cette occasion, le wali s&#8217;est inform\u00e9 sur la situation de la pharmacie centrale, du laboratoire, du service des urgences et des salles d&#8217;hospitalisation . Il s&#8217;est en outre assur\u00e9 de la pr\u00e9sence du personnel m\u00e9dical et de l&#8217;existence de stocks suffisants de m\u00e9dicaments.<\/p>\n<p>Le directeur g\u00e9n\u00e9ral du centre, Dr El Vak Ould Mohamed El Moctar a affirm\u00e9  que le personnel de son \u00e9tablissement est pr\u00eat \u00e0 intervenir \u00e0 tout moment , soulignant n\u00e9anmoins que le centre fait face \u00e0 un manque d&#8217;eau potable, ce qui n\u00e9cessite, a-t-il dit, l&#8217;acquisition de deux citernes.<\/p>\n<p>Le wali s&#8217;est engag\u00e9 \u00e0 poser ce probl\u00e8me aux milieux concern\u00e9s pour lui trouver une solution dans les plus brefs d\u00e9lais.<\/p>\n<p>Le wali de l&#8217;Assaba visite le centre hospitalier de Kiffa<\/p>\n<p>Kiffa, 29 f\u00e9v 2020 (AMI)- Le wali de l&#8217;Assaba, M. M&#8217;Rabih Rabou Ould Abidine, a visit\u00e9, samedi, le centre hospitalier de Kiffa.<\/p>\n<p>A cette occasion, le wali s&#8217;est inform\u00e9 sur la situation de la pharmacie centrale, du laboratoire, du service des urgences et des salles d&#8217;hospitalisation . Il s&#8217;est en outre assur\u00e9 de la pr\u00e9sence du personnel m\u00e9dical et de l&#8217;existence de stocks suffisants de m\u00e9dicaments.<\/p>\n<p>Le directeur g\u00e9n\u00e9ral du centre, Dr El Vak Ould Mohamed El Moctar a affirm\u00e9 le personnel de son \u00e9tablissement est pr\u00eat \u00e0 intervenir \u00e0 tout moment , soulignant n\u00e9anmoins que le centre fait face \u00e0 un manque d&#8217;eau potable, ce qui n\u00e9cessite, a-t-il dit, l&#8217;acquisition de deux citernes.<\/p>\n<p>Le wali s&#8217;est engag\u00e9 \u00e0 poser ce probl\u00e8me aux milieux concern\u00e9s pour lui trouver une solution dans les plus brefs d\u00e9lais.<\/p>\n<p>Au cours de cette visite, le wali \u00e9tait accompagn\u00e9 de son conseiller charg\u00e9 des affaires sociales et de l&#8217;adjoint du hakem de la moughataa de Kiffa.<\/p>\n","protected":false},"excerpt":{"rendered":"<p>Le wali de l&#8217;Assaba, M. M&#8217;Rabih Rabou Ould Abidine, a visit\u00e9, samedi, le centre hospitalier de Kiffa.<\/p>\n<p>A cette occasion, le wali s&#8217;est inform\u00e9 sur la situation de la pharmacie centrale, du laboratoire, du service des urgences et des salles d&#8217;hospitalis<\/p>\n","protected":false},"author":1,"featured_media":0,"comment_status":"closed","ping_status":"closed","sticky":false,"template":"","format":"standard","meta":{"footnotes":""},"categories":[8672],"tags":[62484,62985],"class_list":["post-82034","post","type-post","status-publish","format-standard","hentry","category-8672","tag-kiffa","tag-nafa"],"_links":{"self":[{"href":"https:\/\/ami.mr\/fr\/wp-json\/wp\/v2\/posts\/82034","targetHints":{"allow":["GET"]}}],"collection":[{"href":"https:\/\/ami.mr\/fr\/wp-json\/wp\/v2\/posts"}],"about":[{"href":"https:\/\/ami.mr\/fr\/wp-json\/wp\/v2\/types\/post"}],"author":[{"embeddable":true,"href":"https:\/\/ami.mr\/fr\/wp-json\/wp\/v2\/users\/1"}],"replies":[{"embeddable":true,"href":"https:\/\/ami.mr\/fr\/wp-json\/wp\/v2\/comments?post=82034"}],"version-history":[{"count":1,"href":"https:\/\/ami.mr\/fr\/wp-json\/wp\/v2\/posts\/82034\/revisions"}],"predecessor-version":[{"id":176882,"href":"https:\/\/ami.mr\/fr\/wp-json\/wp\/v2\/posts\/82034\/revisions\/176882"}],"wp:attachment":[{"href":"https:\/\/ami.mr\/fr\/wp-json\/wp\/v2\/media?parent=82034"}],"wp:term":[{"taxonomy":"category","embeddable":true,"href":"https:\/\/ami.mr\/fr\/wp-json\/wp\/v2\/categories?post=82034"},{"taxonomy":"post_tag","embeddable":true,"href":"https:\/\/ami.mr\/fr\/wp-json\/wp\/v2\/tags?post=82034"}],"curies":[{"name":"wp","href":"https:\/\/api.w.org\/{rel}","templated":true}]}}