{"id":82032,"date":"2020-02-29T19:30:47","date_gmt":"2020-02-29T19:30:47","guid":{"rendered":"http:\/\/192.168.64.2\/fr\/index.php\/2020\/02\/29\/le-ministre-de-lequipement-et-des-transport-sinforme-sur-le-deroulement-des-travaux-au-niveau-dun-certain-nombre-de-routes-en-cours-dexecution\/"},"modified":"2022-07-05T01:21:14","modified_gmt":"2022-07-05T01:21:14","slug":"le-ministre-de-lequipement-et-des-transport-sinforme-sur-le-deroulement-des-travaux-au-niveau-dun-certain-nombre-de-routes-en-cours-dexecution","status":"publish","type":"post","link":"https:\/\/ami.mr\/fr\/archives\/82032","title":{"rendered":"Le ministre de l&#8217;\u00e9quipement et des transport s&#8217;informe sur le d\u00e9roulement des travaux au niveau d&#8217;un certain nombre de routes en cours d&#8217;ex\u00e9cution"},"content":{"rendered":"<p>Le ministre de l&#8217;\u00e9quipement et des transports, M. Mohamedou Ahmedou M&#8217;Haimid a effectu\u00e9, samedi, une visite d&#8217;information au niveau du site de la construction d&#8217;un r\u00e9seau de nouvelles routes \u00e0 Nouakchott. Sur l&#8217;axe de la route Dimy dans le quartier de Tarhil (Toujounine). Ces routes sont ex\u00e9cut\u00e9s dans le cadre du Programme du Pr\u00e9sident de la R\u00e9publique(Mes engagements-1) dont le coup d&#8217;envoi a \u00e9t\u00e9 supervis\u00e9 par le Pr\u00e9sident de la R\u00e9publique, Monsieur Mohamed Ould Cheikh El Ghazouani.<\/p>\n<p>Le ministre a \u00e9galement visit\u00e9 un projet d&#8217;extension de trottoirs \u00e0 partir du poteau 20 en direction du poteau 3 dans la moughataa d&#8217;Arafat.<\/p>\n<p>Sur place, le ministre a exhort\u00e9 les responsables des travaux \u00e0 respecter les crit\u00e8res de qualit\u00e9 fix\u00e9s dans les cahiers de charges.<\/p>\n<p>Le projet qui doit prendre fin en juillet prochain s&#8217;inscrit dans le cadre de la r\u00e9habilitation de certaines routes \u00e0 Nouakchott, et ce pour am\u00e9liorer le visage de la Capitale.  <\/p>\n<p>Le ministre a en outre visit\u00e9 le r\u00e9seau des routes urbaines de Nouakchott 2019, notamment le tron\u00e7on qui d\u00e9bute du carrefour El Qods et se termine au quartier du littoral (Cit\u00e9 plage).<\/p>\n<p>A cette occasion, le ministre qui s&#8217;est inform\u00e9 sur le d\u00e9roulement des travaux en cours d&#8217;ex\u00e9cution a exhort\u00e9 les \u00e9quipes techniques du minist\u00e8re, du laboratoire des travaux publics et de l&#8217;ATTM \u00e0 mener les contr\u00f4les techniques n\u00e9cessaires pour assurer une bonne qualit\u00e9 des routes.<\/p>\n<p>Au cours de ces visites, le ministre \u00e9tait accompagn\u00e9 par le secr\u00e9taire g\u00e9n\u00e9ral de son d\u00e9partement, M. Sadvi Sidi Mohamed Samba, du conseiller technique charg\u00e9 de la communication, du directeur g\u00e9n\u00e9ral des travaux publics et d&#8217;autres cadres du minist\u00e8re.<\/p>\n","protected":false},"excerpt":{"rendered":"<p>Le ministre de l&#8217;\u00e9quipement et des transports, M. Mohamedou Ahmedou M&#8217;Haimid a effectu\u00e9, samedi, une visite d&#8217;information au niveau du site de la construction d&#8217;un r\u00e9seau de nouvelles routes \u00e0 Nouakchott<\/p>\n","protected":false},"author":1,"featured_media":176881,"comment_status":"closed","ping_status":"closed","sticky":false,"template":"","format":"standard","meta":{"footnotes":""},"categories":[],"tags":[63990,62985,62476],"class_list":["post-82032","post","type-post","status-publish","format-standard","has-post-thumbnail","hentry","tag-activites-gouvernementales","tag-nafa","tag-nouakchott"],"_links":{"self":[{"href":"https:\/\/ami.mr\/fr\/wp-json\/wp\/v2\/posts\/82032","targetHints":{"allow":["GET"]}}],"collection":[{"href":"https:\/\/ami.mr\/fr\/wp-json\/wp\/v2\/posts"}],"about":[{"href":"https:\/\/ami.mr\/fr\/wp-json\/wp\/v2\/types\/post"}],"author":[{"embeddable":true,"href":"https:\/\/ami.mr\/fr\/wp-json\/wp\/v2\/users\/1"}],"replies":[{"embeddable":true,"href":"https:\/\/ami.mr\/fr\/wp-json\/wp\/v2\/comments?post=82032"}],"version-history":[{"count":1,"href":"https:\/\/ami.mr\/fr\/wp-json\/wp\/v2\/posts\/82032\/revisions"}],"predecessor-version":[{"id":176880,"href":"https:\/\/ami.mr\/fr\/wp-json\/wp\/v2\/posts\/82032\/revisions\/176880"}],"wp:featuredmedia":[{"embeddable":true,"href":"https:\/\/ami.mr\/fr\/wp-json\/wp\/v2\/media\/176881"}],"wp:attachment":[{"href":"https:\/\/ami.mr\/fr\/wp-json\/wp\/v2\/media?parent=82032"}],"wp:term":[{"taxonomy":"category","embeddable":true,"href":"https:\/\/ami.mr\/fr\/wp-json\/wp\/v2\/categories?post=82032"},{"taxonomy":"post_tag","embeddable":true,"href":"https:\/\/ami.mr\/fr\/wp-json\/wp\/v2\/tags?post=82032"}],"curies":[{"name":"wp","href":"https:\/\/api.w.org\/{rel}","templated":true}]}}