{"id":82030,"date":"2020-02-29T17:31:11","date_gmt":"2020-02-29T17:31:11","guid":{"rendered":"http:\/\/192.168.64.2\/fr\/index.php\/2020\/02\/29\/formation-sur-les-marches-de-cereales-et-du-betail-en-mauritanie\/"},"modified":"2022-07-05T01:21:11","modified_gmt":"2022-07-05T01:21:11","slug":"formation-sur-les-marches-de-cereales-et-du-betail-en-mauritanie","status":"publish","type":"post","link":"https:\/\/ami.mr\/fr\/archives\/82030","title":{"rendered":"Formation sur les march\u00e9s de c\u00e9r\u00e9ales et du b\u00e9tail en Mauritanie"},"content":{"rendered":"<p>Les travaux d\u2019une formation au profit des d\u00e9l\u00e9gations r\u00e9gionales du d\u00e9veloppement rural dans le domaine de la collecte sur le terrain de donn\u00e9es sur les march\u00e9s des c\u00e9r\u00e9ales et du b\u00e9tail ont d\u00e9marr\u00e9 hier vendredi \u00e0 Nouakchott.<\/p>\n<p>Cette formation de six jours vise \u00e0 renforcer les capacit\u00e9s des parties prenantes sur les outils de collecte sur le terrain des donn\u00e9es sur les march\u00e9s de deuxi\u00e8me g\u00e9n\u00e9ration.<\/p>\n<p>Ce cours est organis\u00e9 par le minist\u00e8re du d\u00e9veloppement rural en coop\u00e9ration avec le Comit\u00e9 Inter-Etats de Lutte contre la S\u00e9cheresse dans le Sahel (CILSS) et avec l&#8217;appui du projet r\u00e9gional de soutien aux collectivit\u00e9s pour faire face \u00e0 l&#8217;ins\u00e9curit\u00e9 alimentaire et \u00e0 la malnutrition dans le Sahel.<\/p>\n<p>Les participants, venant des diff\u00e9rentes wilaya agropastorales du pays, suivront des expos\u00e9s qui leur permettront d&#8217;appliquer les technologies modernes \u00e0 la collecte de donn\u00e9es par t\u00e9l\u00e9phone pour devenir des ambassadeurs de ce syst\u00e8me aupr\u00e8s des producteurs agricoles et des \u00e9leveurs, afin de les sensibiliser sur l&#8217;importance de cet outil dans la collecte des donn\u00e9es et leur diffusion sur tous les march\u00e9s dans les langues locales.<\/p>\n<p>Cette session, qui a \u00e9t\u00e9 supervis\u00e9e par M. Mohamed Ould Nemine, conseiller technique du ministre du D\u00e9veloppement rural charg\u00e9 du CILSS et avec l\u2019appui d&#8217;experts nationaux et r\u00e9gionaux de l\u2019organisation, rentre dans le cadre du programme lanc\u00e9 par le CILSS depuis 2017 pour mettre en \u0153uvre le syst\u00e8me de collecte sur le terrain des donn\u00e9es sur les march\u00e9s des c\u00e9r\u00e9ales et du b\u00e9tail, programme qui se poursuit avec le transfert des comp\u00e9tences et des connaissances apr\u00e8s avoir d\u00e9velopp\u00e9 les plateformes. Il s&#8217;inscrit \u00e9galement dans le cadre de la facilitation de la commercialisation et des \u00e9changes frontaliers lanc\u00e9e par le m\u00eame CILSS.<\/p>\n","protected":false},"excerpt":{"rendered":"<p>Les travaux d\u2019une formation au profit des d\u00e9l\u00e9gations r\u00e9gionales du d\u00e9veloppement rural dans le domaine de la collecte sur le terrain de donn\u00e9es sur les march\u00e9s des c\u00e9r\u00e9ales et du b\u00e9tail ont d\u00e9marr\u00e9 hier vendredi \u00e0 Nouakchott<\/p>\n","protected":false},"author":1,"featured_media":176879,"comment_status":"closed","ping_status":"closed","sticky":false,"template":"","format":"standard","meta":{"footnotes":""},"categories":[9],"tags":[62476,62753,63478],"class_list":["post-82030","post","type-post","status-publish","format-standard","has-post-thumbnail","hentry","category-9","tag-nouakchott","tag-rabani","tag-syde"],"_links":{"self":[{"href":"https:\/\/ami.mr\/fr\/wp-json\/wp\/v2\/posts\/82030","targetHints":{"allow":["GET"]}}],"collection":[{"href":"https:\/\/ami.mr\/fr\/wp-json\/wp\/v2\/posts"}],"about":[{"href":"https:\/\/ami.mr\/fr\/wp-json\/wp\/v2\/types\/post"}],"author":[{"embeddable":true,"href":"https:\/\/ami.mr\/fr\/wp-json\/wp\/v2\/users\/1"}],"replies":[{"embeddable":true,"href":"https:\/\/ami.mr\/fr\/wp-json\/wp\/v2\/comments?post=82030"}],"version-history":[{"count":1,"href":"https:\/\/ami.mr\/fr\/wp-json\/wp\/v2\/posts\/82030\/revisions"}],"predecessor-version":[{"id":176878,"href":"https:\/\/ami.mr\/fr\/wp-json\/wp\/v2\/posts\/82030\/revisions\/176878"}],"wp:featuredmedia":[{"embeddable":true,"href":"https:\/\/ami.mr\/fr\/wp-json\/wp\/v2\/media\/176879"}],"wp:attachment":[{"href":"https:\/\/ami.mr\/fr\/wp-json\/wp\/v2\/media?parent=82030"}],"wp:term":[{"taxonomy":"category","embeddable":true,"href":"https:\/\/ami.mr\/fr\/wp-json\/wp\/v2\/categories?post=82030"},{"taxonomy":"post_tag","embeddable":true,"href":"https:\/\/ami.mr\/fr\/wp-json\/wp\/v2\/tags?post=82030"}],"curies":[{"name":"wp","href":"https:\/\/api.w.org\/{rel}","templated":true}]}}