{"id":82029,"date":"2020-02-29T16:32:22","date_gmt":"2020-02-29T16:32:22","guid":{"rendered":"http:\/\/192.168.64.2\/fr\/index.php\/2020\/02\/29\/le-groupe-parlementaire-de-protection-de-lenvironnement-acheve-sa-visite-a-nouadhibou\/"},"modified":"2022-07-05T01:21:09","modified_gmt":"2022-07-05T01:21:09","slug":"le-groupe-parlementaire-de-protection-de-lenvironnement-acheve-sa-visite-a-nouadhibou","status":"publish","type":"post","link":"https:\/\/ami.mr\/fr\/archives\/82029","title":{"rendered":"Le Groupe parlementaire de protection de l\u2019environnement ach\u00e8ve sa visite \u00e0 Nouadhibou"},"content":{"rendered":"<p>Le Goupe parlementaire pour la protection de l&#8217;environnement et le d\u00e9veloppement durable conduit par le d\u00e9put\u00e9 Hamadi Ould Tibari a organis\u00e9 aujourd&#8217;hui, samedi matin \u00e0 Nouadhibou, un point de presse consacr\u00e9 aux r\u00e9sultats de la visite d&#8217;une semaine qu\u2019il a effectu\u00e9e \u00e0 Nouadhibou et qui a touch\u00e9 plusieurs institutions scientifiques, de recherche et de surveillance dans le domaine de la pr\u00e9servation du milieu marin, de la s\u00e9curit\u00e9 des produits de p\u00eache et de la protection de l&#8217;environnement \u00e9cologique pour la reproduction en plus de nombreuses installations \u00e9conomiques et de services dans la ville.<\/p>\n<p>Le pr\u00e9sident du Groupe parlementaire a expliqu\u00e9 l&#8217;importance de cette visite, qui a permis de s\u2019enqu\u00e9rir de l\u2019\u00e9tat des institutions \u00e9conomiques et de d\u00e9veloppement et de rencontrer les responsables concern\u00e9s par le dossier environnemental, notamment les organisations de la soci\u00e9t\u00e9 civile actives dans le domaine.<\/p>\n<p>Le d\u00e9put\u00e9 a indiqu\u00e9 qu&#8217;il compte pr\u00e9parer un rapport avec la participation des experts qui les accompagnaient. Ce rapport ferait \u00e9tat des d\u00e9tails de la visite et des observations \u00e0 ce sujet. Un atelier suivra pour faire le point de cette visite.<\/p>\n<p>\u00c0 la fin du point de presse, le chef du groupe parlementaire a invit\u00e9 les citoyens \u00e0 faire davantage preuve de conscience de l&#8217;importance de la question environnementale et \u00eatre mieux sensibilis\u00e9s pour pr\u00e9server le milieu marin et terrestre.<\/p>\n<p>Le point de presse s&#8217;est d\u00e9roul\u00e9 en pr\u00e9sence des autres membres du Groupe parlementaire de l&#8217;Assembl\u00e9e nationale en charge de la protection de l&#8217;environnement et du d\u00e9veloppement durable.<\/p>\n","protected":false},"excerpt":{"rendered":"<p>Le Goupe parlementaire pour la protection de l&#8217;environnement et le d\u00e9veloppement durable conduit par le d\u00e9put\u00e9 Hamadi Ould Tibari a organis\u00e9 aujourd&#8217;hui, samedi matin \u00e0 Nouadhibo<\/p>\n","protected":false},"author":1,"featured_media":0,"comment_status":"closed","ping_status":"closed","sticky":false,"template":"","format":"standard","meta":{"footnotes":""},"categories":[],"tags":[63963,62482,63478],"class_list":["post-82029","post","type-post","status-publish","format-standard","hentry","tag-activites-parlementaires","tag-nouadhibou","tag-syde"],"_links":{"self":[{"href":"https:\/\/ami.mr\/fr\/wp-json\/wp\/v2\/posts\/82029","targetHints":{"allow":["GET"]}}],"collection":[{"href":"https:\/\/ami.mr\/fr\/wp-json\/wp\/v2\/posts"}],"about":[{"href":"https:\/\/ami.mr\/fr\/wp-json\/wp\/v2\/types\/post"}],"author":[{"embeddable":true,"href":"https:\/\/ami.mr\/fr\/wp-json\/wp\/v2\/users\/1"}],"replies":[{"embeddable":true,"href":"https:\/\/ami.mr\/fr\/wp-json\/wp\/v2\/comments?post=82029"}],"version-history":[{"count":1,"href":"https:\/\/ami.mr\/fr\/wp-json\/wp\/v2\/posts\/82029\/revisions"}],"predecessor-version":[{"id":176877,"href":"https:\/\/ami.mr\/fr\/wp-json\/wp\/v2\/posts\/82029\/revisions\/176877"}],"wp:attachment":[{"href":"https:\/\/ami.mr\/fr\/wp-json\/wp\/v2\/media?parent=82029"}],"wp:term":[{"taxonomy":"category","embeddable":true,"href":"https:\/\/ami.mr\/fr\/wp-json\/wp\/v2\/categories?post=82029"},{"taxonomy":"post_tag","embeddable":true,"href":"https:\/\/ami.mr\/fr\/wp-json\/wp\/v2\/tags?post=82029"}],"curies":[{"name":"wp","href":"https:\/\/api.w.org\/{rel}","templated":true}]}}