{"id":82028,"date":"2020-02-29T15:44:20","date_gmt":"2020-02-29T15:44:20","guid":{"rendered":"http:\/\/192.168.64.2\/fr\/index.php\/2020\/02\/29\/le-secretaire-general-du-ministere-de-la-culture-visite-des-sites-archeologiques-en-adrar\/"},"modified":"2022-07-05T01:21:09","modified_gmt":"2022-07-05T01:21:09","slug":"le-secretaire-general-du-ministere-de-la-culture-visite-des-sites-archeologiques-en-adrar","status":"publish","type":"post","link":"https:\/\/ami.mr\/fr\/archives\/82028","title":{"rendered":"Le secr\u00e9taire g\u00e9n\u00e9ral du minist\u00e8re de la culture visite des sites arch\u00e9ologiques en Adrar"},"content":{"rendered":"<p>M. Ahmedou Ould Khtayra, secr\u00e9taire g\u00e9n\u00e9ral du minist\u00e8re de la Culture, de l&#8217;Artisanat et des Relations avec le Parlement, accompagn\u00e9 du gouverneur de l&#8217;Adrar, M. Diagana Mohamedou El Haj Wagu\u00e9, a visit\u00e9 vendredi soir le site arch\u00e9ologique d\u2019Azougui relevant du village de Teyarett, \u00e0 environ (7) km de la ville d\u2019Atar.<\/p>\n<p>La visite a \u00e9galement englob\u00e9 le mausol\u00e9e de l&#8217;Imam El-Hadrami (Mohamed Ibn El-Hassan al-Mouradi, Cadi et Mufti de la dynastie almoravide d\u00e9c\u00e9d\u00e9 en 489 AH), dont le mausol\u00e9e est situ\u00e9 \u00e0 Azougui.<\/p>\n<p>Le Secr\u00e9taire g\u00e9n\u00e9ral a \u00e9t\u00e9 accueilli sur le site par M. Ainina Ould Eyih, pr\u00e9sident de l&#8217;assocation azouguienne de la culture et du patrimoine, et a \u00e9cout\u00e9 les explications sur ce site arch\u00e9ologique.<\/p>\n<p>La visite a \u00e9galement \u00e9t\u00e9 l&#8217;occasion pour M. Abderrahmane Ould Abidine, pr\u00e9sident de l&#8217;Association El-Imam El-Hadrami pour la culture et le patrimoine, au cours de laquelle il a donn\u00e9 un aper\u00e7u sur l&#8217;histoire et de la lutte de ce grand scientifique \u00e0 l&#8217;\u00e9poque de l&#8217;\u00c9tat almoravide et sur ses plus importantes oeuvres.<\/p>\n<p>Le secr\u00e9taire g\u00e9n\u00e9ral a \u00e9galement visit\u00e9 hier en compagnie du wali, le Mus\u00e9e arch\u00e9ologique de Toueizegt, situ\u00e9 dans la ville d&#8217;Atar, et s&#8217;est inform\u00e9 sur les riches images des h\u00e9ros de la r\u00e9sistance, les \u00e9quipements et les munitions anciennes class\u00e9s patrimoine \u00e0 conserver.<\/p>\n<p>Le Secr\u00e9taire g\u00e9n\u00e9ral \u00e9tait accompagn\u00e9 de M. Nami Ould Salihi, conservateur du patrimoine et de la culture, du wali et des autorit\u00e9s administratives et de s\u00e9curit\u00e9 ainsi que de la d\u00e9l\u00e9gu\u00e9e r\u00e9gionale \u00e0 la culture, \u00e0 l&#8217;artisanat et aux relations avec le parlement en Adrar.<\/p>\n<p>D&#8217;autre part,- M. Adnan Ould Beyrouk, directeur de la Fondation nationale pour la protection des villes anciennes, a op\u00e9r\u00e9 hier, dans la ville de Chinguetti, des distributions de mat\u00e9riel aux coop\u00e9ratives f\u00e9minines consistant en des machines \u00e0 coudre et divers autres outils; la distribution a englob\u00e9 les m\u00e9tiers li\u00e9s au patrimoine qui ont b\u00e9n\u00e9fici\u00e9 de mat\u00e9riel sp\u00e9cialis\u00e9 pour creuser.<\/p>\n<p>La distribution s&#8217;est d\u00e9roul\u00e9e en pr\u00e9sence des autorit\u00e9s locales, du maire de la ville et des associations et coop\u00e9ratives.<\/p>\n<p>Cette activit\u00e9 fait partie du plan de la Fondation tendant \u00e0 soutenir la population en encourageant les activit\u00e9s g\u00e9n\u00e9ratrices de revenus.<\/p>\n","protected":false},"excerpt":{"rendered":"<p>M. Ahmedou Ould Khtayra, secr\u00e9taire g\u00e9n\u00e9ral du minist\u00e8re de la Culture, de l&#8217;Artisanat et des Relations avec le Parlement, accompagn\u00e9 du gouverneur de l&#8217;Adrar, M. Diagana Mohamedou El Haj Wagu\u00e9, a visit\u00e9 vendredi soir le site arch\u00e9ologique d\u2019Azougui relev<\/p>\n","protected":false},"author":1,"featured_media":0,"comment_status":"closed","ping_status":"closed","sticky":false,"template":"","format":"standard","meta":{"footnotes":""},"categories":[8672],"tags":[62753,63699],"class_list":["post-82028","post","type-post","status-publish","format-standard","hentry","category-8672","tag-rabani","tag-teyarett-adrar"],"_links":{"self":[{"href":"https:\/\/ami.mr\/fr\/wp-json\/wp\/v2\/posts\/82028","targetHints":{"allow":["GET"]}}],"collection":[{"href":"https:\/\/ami.mr\/fr\/wp-json\/wp\/v2\/posts"}],"about":[{"href":"https:\/\/ami.mr\/fr\/wp-json\/wp\/v2\/types\/post"}],"author":[{"embeddable":true,"href":"https:\/\/ami.mr\/fr\/wp-json\/wp\/v2\/users\/1"}],"replies":[{"embeddable":true,"href":"https:\/\/ami.mr\/fr\/wp-json\/wp\/v2\/comments?post=82028"}],"version-history":[{"count":1,"href":"https:\/\/ami.mr\/fr\/wp-json\/wp\/v2\/posts\/82028\/revisions"}],"predecessor-version":[{"id":176876,"href":"https:\/\/ami.mr\/fr\/wp-json\/wp\/v2\/posts\/82028\/revisions\/176876"}],"wp:attachment":[{"href":"https:\/\/ami.mr\/fr\/wp-json\/wp\/v2\/media?parent=82028"}],"wp:term":[{"taxonomy":"category","embeddable":true,"href":"https:\/\/ami.mr\/fr\/wp-json\/wp\/v2\/categories?post=82028"},{"taxonomy":"post_tag","embeddable":true,"href":"https:\/\/ami.mr\/fr\/wp-json\/wp\/v2\/tags?post=82028"}],"curies":[{"name":"wp","href":"https:\/\/api.w.org\/{rel}","templated":true}]}}