{"id":82026,"date":"2020-02-29T14:20:00","date_gmt":"2020-02-29T14:20:00","guid":{"rendered":"http:\/\/192.168.64.2\/fr\/index.php\/2020\/02\/29\/le-ministre-de-la-defense-recoit-le-secretaire-detat-adjoint-americain\/"},"modified":"2022-07-05T01:21:06","modified_gmt":"2022-07-05T01:21:06","slug":"le-ministre-de-la-defense-recoit-le-secretaire-detat-adjoint-americain","status":"publish","type":"post","link":"https:\/\/ami.mr\/fr\/archives\/82026","title":{"rendered":"Le ministre de la d\u00e9fense re\u00e7oit le secr\u00e9taire d\u2019\u00e9tat adjoint am\u00e9ricain"},"content":{"rendered":"<p>Le ministre de la d\u00e9fense nationale, M. Hanena Ould Sidi a re\u00e7u en audience, samedi matin \u00e0 Nouakchott, le secr\u00e9taire d\u2019\u00e9tat adjoint am\u00e9ricain, Major Andrew Caulk.<\/p>\n<p>L&#8217;entretien qui s&#8217;est d\u00e9roul\u00e9 en pr\u00e9sence du g\u00e9n\u00e9ral de brigade Mohamed Vall Ould Maeive, a port\u00e9 sur l&#8217;examen des relations de coop\u00e9ration existantes entre notre pays et les Etats Unis d\u2019Am\u00e9rique et les voies et moyens susceptibles de les renforcer.<\/p>\n<p>L&#8217;audience s&#8217;est d\u00e9roul\u00e9e en pr\u00e9sence de l&#8217;ambassadeur des Etats Unis Am\u00e9rique, SEM. Michael J Dodman et des membres de la d\u00e9l\u00e9gation conduite par le haut responsable am\u00e9ricain.<\/p>\n","protected":false},"excerpt":{"rendered":"<p>Le ministre de la d\u00e9fense nationale, M. Hanena Ould Sidi a re\u00e7u en audience, samedi matin \u00e0 Nouakchott, le secr\u00e9taire d\u2019\u00e9tat adjoint am\u00e9ricain, Major Andrew Caulk.<\/p>\n<p>L&#8217;entretien qui s&#8217;est d\u00e9roul\u00e9 en pr\u00e9sence du g\u00e9n\u00e9ral de brigade Mohamed Vall Ould Maeive<\/p>\n","protected":false},"author":1,"featured_media":176875,"comment_status":"closed","ping_status":"closed","sticky":false,"template":"","format":"standard","meta":{"footnotes":""},"categories":[],"tags":[63990,62476,62753],"class_list":["post-82026","post","type-post","status-publish","format-standard","has-post-thumbnail","hentry","tag-activites-gouvernementales","tag-nouakchott","tag-rabani"],"_links":{"self":[{"href":"https:\/\/ami.mr\/fr\/wp-json\/wp\/v2\/posts\/82026","targetHints":{"allow":["GET"]}}],"collection":[{"href":"https:\/\/ami.mr\/fr\/wp-json\/wp\/v2\/posts"}],"about":[{"href":"https:\/\/ami.mr\/fr\/wp-json\/wp\/v2\/types\/post"}],"author":[{"embeddable":true,"href":"https:\/\/ami.mr\/fr\/wp-json\/wp\/v2\/users\/1"}],"replies":[{"embeddable":true,"href":"https:\/\/ami.mr\/fr\/wp-json\/wp\/v2\/comments?post=82026"}],"version-history":[{"count":1,"href":"https:\/\/ami.mr\/fr\/wp-json\/wp\/v2\/posts\/82026\/revisions"}],"predecessor-version":[{"id":176874,"href":"https:\/\/ami.mr\/fr\/wp-json\/wp\/v2\/posts\/82026\/revisions\/176874"}],"wp:featuredmedia":[{"embeddable":true,"href":"https:\/\/ami.mr\/fr\/wp-json\/wp\/v2\/media\/176875"}],"wp:attachment":[{"href":"https:\/\/ami.mr\/fr\/wp-json\/wp\/v2\/media?parent=82026"}],"wp:term":[{"taxonomy":"category","embeddable":true,"href":"https:\/\/ami.mr\/fr\/wp-json\/wp\/v2\/categories?post=82026"},{"taxonomy":"post_tag","embeddable":true,"href":"https:\/\/ami.mr\/fr\/wp-json\/wp\/v2\/tags?post=82026"}],"curies":[{"name":"wp","href":"https:\/\/api.w.org\/{rel}","templated":true}]}}