{"id":82024,"date":"2020-02-29T11:22:23","date_gmt":"2020-02-29T11:22:23","guid":{"rendered":"http:\/\/192.168.64.2\/fr\/index.php\/2020\/02\/29\/retour-a-nouakchott-du-ministre-de-la-sante-3\/"},"modified":"2022-07-05T01:20:54","modified_gmt":"2022-07-05T01:20:54","slug":"retour-a-nouakchott-du-ministre-de-la-sante-3","status":"publish","type":"post","link":"https:\/\/ami.mr\/fr\/archives\/82024","title":{"rendered":"Retour \u00e0 Nouakchott du ministre de la sant\u00e9"},"content":{"rendered":"<p>Le ministre de la Sant\u00e9, Dr Mohamed Nazirou Ould Hamed, a regagn\u00e9 Nouakchott en provenance du Caire apr\u00e8s avoir particip\u00e9 \u00e0 la 53\u00e8 session ordinaire du Conseil des ministres arabes de la sant\u00e9, que le Secr\u00e9tariat g\u00e9n\u00e9ral de la Ligue des \u00c9tats arabes a abrit\u00e9e dans la capitale \u00e9gyptienne.<\/p>\n<p>Le Conseil a rendu public une s\u00e9rie de d\u00e9cisions et de communications portant sur les moyens de pr\u00e9venir le virus &#8220;Corona&#8221; et d&#8217;am\u00e9liorer la sant\u00e9 des m\u00e8res, des enfants et des adolescentes dans la r\u00e9gion arabe. Le conseil a abord\u00e9 \u00e9galement les normes et crit\u00e8res ainsi que de l&#8217;\u00e9tat de pr\u00e9paration des \u00e9tablissements sanitaires techniques et administratifs en vue d\u2019une r\u00e9ponse rapide aux urgences et aux catastrophes. Il a \u00e9t\u00e9 aussi question de la coop\u00e9ration entre les minist\u00e8res de la sant\u00e9 arabes et les instances internationales comp\u00e9tentes.<\/p>\n<p>Le Conseil a \u00e9galement publi\u00e9 une d\u00e9claration sur la pr\u00e9paration de la 73\u00e8 session de l&#8217;Assembl\u00e9e g\u00e9n\u00e9rale de l&#8217;Organisation mondiale de la sant\u00e9, qui se tiendra \u00e0 Gen\u00e8ve en mai prochain.<\/p>\n<p>La d\u00e9l\u00e9gation mauritanienne participant \u00e0 cette r\u00e9union, \u00e9tait compos\u00e9e, outre le ministre de la sant\u00e9, de SEM. Wedadi Ould Sidi Haiba, notre ambassadeur au Caire et repr\u00e9sentant permanent aupr\u00e8s de la Ligue des \u00c9tats arabes, et du Pr. Cheikh Baye M\u2019Kaytrat, charg\u00e9 de mission aupr\u00e8s du minist\u00e8re de la Sant\u00e9 ainsi que de M. Sidi Zehhaf, directeur de la sant\u00e9 publique au minist\u00e8re.<\/p>\n","protected":false},"excerpt":{"rendered":"<p>Le ministre de la Sant\u00e9, Dr Mohamed Nazirou Ould Hamed, a regagn\u00e9 Nouakchott en provenance du Caire apr\u00e8s avoir particip\u00e9 \u00e0 la 53\u00e8 session ordinaire du Conseil des ministres arabes de la sant\u00e9, que le Secr\u00e9tariat g\u00e9n\u00e9ral de la Ligue des \u00c9tats arabes a abr<\/p>\n","protected":false},"author":1,"featured_media":176873,"comment_status":"closed","ping_status":"closed","sticky":false,"template":"","format":"standard","meta":{"footnotes":""},"categories":[],"tags":[63990,62476,62753],"class_list":["post-82024","post","type-post","status-publish","format-standard","has-post-thumbnail","hentry","tag-activites-gouvernementales","tag-nouakchott","tag-rabani"],"_links":{"self":[{"href":"https:\/\/ami.mr\/fr\/wp-json\/wp\/v2\/posts\/82024","targetHints":{"allow":["GET"]}}],"collection":[{"href":"https:\/\/ami.mr\/fr\/wp-json\/wp\/v2\/posts"}],"about":[{"href":"https:\/\/ami.mr\/fr\/wp-json\/wp\/v2\/types\/post"}],"author":[{"embeddable":true,"href":"https:\/\/ami.mr\/fr\/wp-json\/wp\/v2\/users\/1"}],"replies":[{"embeddable":true,"href":"https:\/\/ami.mr\/fr\/wp-json\/wp\/v2\/comments?post=82024"}],"version-history":[{"count":1,"href":"https:\/\/ami.mr\/fr\/wp-json\/wp\/v2\/posts\/82024\/revisions"}],"predecessor-version":[{"id":176872,"href":"https:\/\/ami.mr\/fr\/wp-json\/wp\/v2\/posts\/82024\/revisions\/176872"}],"wp:featuredmedia":[{"embeddable":true,"href":"https:\/\/ami.mr\/fr\/wp-json\/wp\/v2\/media\/176873"}],"wp:attachment":[{"href":"https:\/\/ami.mr\/fr\/wp-json\/wp\/v2\/media?parent=82024"}],"wp:term":[{"taxonomy":"category","embeddable":true,"href":"https:\/\/ami.mr\/fr\/wp-json\/wp\/v2\/categories?post=82024"},{"taxonomy":"post_tag","embeddable":true,"href":"https:\/\/ami.mr\/fr\/wp-json\/wp\/v2\/tags?post=82024"}],"curies":[{"name":"wp","href":"https:\/\/api.w.org\/{rel}","templated":true}]}}