{"id":82022,"date":"2020-02-29T10:53:26","date_gmt":"2020-02-29T10:53:26","guid":{"rendered":"http:\/\/192.168.64.2\/fr\/index.php\/2020\/02\/29\/le-president-de-la-republique-regagne-la-capitale-en-provenance-de-riyad\/"},"modified":"2022-07-05T01:20:51","modified_gmt":"2022-07-05T01:20:51","slug":"le-president-de-la-republique-regagne-la-capitale-en-provenance-de-riyad","status":"publish","type":"post","link":"https:\/\/ami.mr\/fr\/archives\/82022","title":{"rendered":"Le Pr\u00e9sident de la R\u00e9publique regagne la capitale en provenance de Riyad"},"content":{"rendered":"<p>Son Excellence le Pr\u00e9sident de la R\u00e9publique, M. Mohamed Ould Cheikh El-Ghazouani, a regagn\u00e9 la capitale aujourd&#8217;hui, samedi, en provenance du Royaume d&#8217;Arabie saoudite, \u00e0 l\u2019issue d\u2019une visite officielle, \u00e0 l&#8217;invitation de son fr\u00e8re, le Gardien des Lieux Saints, le roi Selman Ibn Abdoulaziz Al Saoud.<\/p>\n<p>\u00c0 son arriv\u00e9e \u00e0 l&#8217;a\u00e9roport international de Nouakchott Oumtounsy, le Pr\u00e9sident de la R\u00e9publique a \u00e9t\u00e9 accueilli par le Premier ministre, M. Ismail Bedda Cheikh Sidiya, le ministre secr\u00e9taire g\u00e9n\u00e9ral de la Pr\u00e9sidence de la R\u00e9publique, M. Mohamed Salem Ould B\u00e9chir, plusieurs membres du gouvernement, le chef d\u2019\u00e9tat- major particulier du Pr\u00e9sident de la R\u00e9publique, le directeur adjoint du cabinet du Pr\u00e9sident de la R\u00e9publique et le wali de Nouakchott Ouest.<\/p>\n<p>Cette visite a \u00e9t\u00e9 l&#8217;occasion pour Son Excellence le Pr\u00e9sident de la R\u00e9publique, M. Mohamed Ould Cheikh El-Ghazouani, de s&#8217;entretenir avec son fr\u00e8re, Sa Majest\u00e9 le Roi Salman Ibn Abdoulaziz Al Saoud, Roi du Royaume d&#8217;Arabie saoudite, et son Prince h\u00e9ritier, Vice-Premier Ministre et Ministre de la d\u00e9fense du Royaume, Son Altesse Royale le Prince Mohamed Ibn Selman Ibn Abdoulaziz.<\/p>\n<p>Au cours de ces entretiens, il a \u00e9t\u00e9 question des relations bilat\u00e9rales entre les deux pays fr\u00e8res et des moyens de les renforcer dans divers domaines en plus des derniers d\u00e9veloppements intervenus sur les sc\u00e8nes r\u00e9gionale et internationale et des questions d&#8217;int\u00e9r\u00eat commun.<\/p>\n<p>Au cours de cette visite, deux programmes ex\u00e9cutifs et deux protocoles d&#8217;accord ont \u00e9t\u00e9 sign\u00e9s dans des domaines vitaux devant servir la coop\u00e9ration bilat\u00e9rale.<\/p>\n<p>Son Excellence le Pr\u00e9sident de la R\u00e9publique \u00e9tait accompagn\u00e9 d&#8217;une importante d\u00e9l\u00e9gation comprenant MM:<\/p>\n<p>&#8211; Ismail Ould Cheikh Ahmed, ministre des Affaires \u00e9trang\u00e8res, de la Coop\u00e9ration et des Mauritaniens de l&#8217;Ext\u00e9rieur,<\/p>\n<p>&#8211; Abdelaziz Ould Dahi, ministre de l&#8217;\u00e9conomie et de l&#8217;industrie,<\/p>\n<p>&#8211; Mohamed Ould Abdel Vettah, ministre du p\u00e9trole, des mines et de l&#8217;\u00e9nergie,<\/p>\n<p>&#8211; Sid\u2019 Ahmed Ould Mohamed, ministre du commerce et du tourisme,<\/p>\n<p>&#8211; Dy Ould Zein, ministre du d\u00e9veloppement rural,<\/p>\n<p>&#8211; Mohamed Ahmed Ould Mohamed Lemine, directeur de Cabinet du Pr\u00e9sident de la R\u00e9publique,<\/p>\n<p>&#8211; Sidi Ali Ould Sidi Ali, notre ambassadeur \u00e0 Riyad,<\/p>\n<p>&#8211; Ahmed Ould Bah dit Hmeida Conseiller \u00e0 la Pr\u00e9sidence de la R\u00e9publique,<\/p>\n<p>&#8211; Ahmed Ould Bahine, charge de mission \u00e0 la pr\u00e9sidence de la R\u00e9publique,<\/p>\n<p>&#8211; Mohamed Mahmoud Ould Ematt, conseiller \u00e0 la pr\u00e9sidence de la R\u00e9publique,<\/p>\n<p>&#8211; Sidi Mohamed Ould Sidi Jaafar, charg\u00e9 de mission \u00e0 la Pr\u00e9sidence de la R\u00e9publique,<\/p>\n<p>&#8211; El Hacen Ould Ahmed, directeur g\u00e9n\u00e9ral du Protocole d\u2019\u00c9tat.<\/p>\n","protected":false},"excerpt":{"rendered":"<p>Son Excellence le Pr\u00e9sident de la R\u00e9publique, M. Mohamed Ould Cheikh El-Ghazouani, a regagn\u00e9 la capitale aujourd&#8217;hui, samedi, en provenance du Royaume d&#8217;Arabie saoudite, \u00e0 l\u2019issue d\u2019une visite officielle, \u00e0 l&#8217;invitation de son fr\u00e8re, le Gardien des Lieux<\/p>\n","protected":false},"author":1,"featured_media":176871,"comment_status":"closed","ping_status":"closed","sticky":false,"template":"","format":"standard","meta":{"footnotes":""},"categories":[],"tags":[63991,62476,62753],"class_list":["post-82022","post","type-post","status-publish","format-standard","has-post-thumbnail","hentry","tag-activites-presidentielles","tag-nouakchott","tag-rabani"],"_links":{"self":[{"href":"https:\/\/ami.mr\/fr\/wp-json\/wp\/v2\/posts\/82022","targetHints":{"allow":["GET"]}}],"collection":[{"href":"https:\/\/ami.mr\/fr\/wp-json\/wp\/v2\/posts"}],"about":[{"href":"https:\/\/ami.mr\/fr\/wp-json\/wp\/v2\/types\/post"}],"author":[{"embeddable":true,"href":"https:\/\/ami.mr\/fr\/wp-json\/wp\/v2\/users\/1"}],"replies":[{"embeddable":true,"href":"https:\/\/ami.mr\/fr\/wp-json\/wp\/v2\/comments?post=82022"}],"version-history":[{"count":1,"href":"https:\/\/ami.mr\/fr\/wp-json\/wp\/v2\/posts\/82022\/revisions"}],"predecessor-version":[{"id":176870,"href":"https:\/\/ami.mr\/fr\/wp-json\/wp\/v2\/posts\/82022\/revisions\/176870"}],"wp:featuredmedia":[{"embeddable":true,"href":"https:\/\/ami.mr\/fr\/wp-json\/wp\/v2\/media\/176871"}],"wp:attachment":[{"href":"https:\/\/ami.mr\/fr\/wp-json\/wp\/v2\/media?parent=82022"}],"wp:term":[{"taxonomy":"category","embeddable":true,"href":"https:\/\/ami.mr\/fr\/wp-json\/wp\/v2\/categories?post=82022"},{"taxonomy":"post_tag","embeddable":true,"href":"https:\/\/ami.mr\/fr\/wp-json\/wp\/v2\/tags?post=82022"}],"curies":[{"name":"wp","href":"https:\/\/api.w.org\/{rel}","templated":true}]}}