{"id":82019,"date":"2020-02-28T20:25:44","date_gmt":"2020-02-28T20:25:44","guid":{"rendered":"http:\/\/192.168.64.2\/fr\/index.php\/2020\/02\/28\/assaba-le-wali-de-lassaba-senquiert-de-letat-de-fonctionnement-des-structures-sanitaires-dans-le-chef-lieu-de-la-wilaya\/"},"modified":"2022-07-05T01:20:46","modified_gmt":"2022-07-05T01:20:46","slug":"assaba-le-wali-de-lassaba-senquiert-de-letat-de-fonctionnement-des-structures-sanitaires-dans-le-chef-lieu-de-la-wilaya","status":"publish","type":"post","link":"https:\/\/ami.mr\/fr\/archives\/82019","title":{"rendered":"Assaba : Le wali de l\u2019Assaba s\u2019enquiert de l\u2019\u00e9tat de fonctionnement des structures sanitaires dans le chef-lieu de la wilaya"},"content":{"rendered":"<p>Le wali de l\u2019Assaba, M. M\u2019Rabih Rabou Ould Bounen, a visit\u00e9, vendredi au service de la dialyse, log\u00e9 au centre hospitalier de Kiffa pour s\u2019enqu\u00e9rir de l\u2019\u00e9tat de fonctionnalit\u00e9.<\/p>\n<p>D\u2019une capacit\u00e9 de dix unit\u00e9s, dont cinq hors usage, tandis que deux lits sur 10 existant dans le service sont fonctionnels et exploit\u00e9s, \u00e0 tour de r\u00f4le par 35 malades, pendant trois jours de la semaine.<\/p>\n<p>Commentant cette situation, le directeur g\u00e9n\u00e9ral du centre hospitalier de Kiffa, a pr\u00e9cis\u00e9 que les \u00e9quipements \u00e9taient acquis gr\u00e2ce \u00e0 un fournisseur dont il est charg\u00e9 de leur entretien.<\/p>\n<p>Devant les patients, le wali s\u2019est engag\u00e9 \u00e0 contacter le fournisseur en question et le ministre de la sant\u00e9 afin que les choses soient mis dans l\u2019ordre qu\u2019ils puissent se soigner dans des conditions satisfaisantes.<\/p>\n<p>Le wali, a par ailleurs, visit\u00e9 le centre d\u2019assainissement de la ville de Kiffa, sous la tutelle de la commune de la ville, qui vient d\u2019\u00eatre \u00e9quip\u00e9 par deux camions sp\u00e9cifiques pour le transport des ordures.<\/p>\n<p>Le wali \u00e9tait accompagn\u00e9 du maire de Kiffa et le hakem mou\u00e7aid de cette moughataa.<\/p>\n","protected":false},"excerpt":{"rendered":"<p>Le wali de l\u2019Assaba, M. M\u2019Rabih Rabou Ould Bounen, a visit\u00e9, vendredi au service de la dialyse, log\u00e9 au centre hospitalier de Kiffa pour s\u2019enqu\u00e9rir de l\u2019\u00e9tat de fonctionnalit\u00e9.<\/p>\n<p>D\u2019une capacit\u00e9 de dix unit\u00e9s, dont cinq hors usage, tandis que deux lits su<\/p>\n","protected":false},"author":1,"featured_media":0,"comment_status":"closed","ping_status":"closed","sticky":false,"template":"","format":"standard","meta":{"footnotes":""},"categories":[8672],"tags":[62484,62750],"class_list":["post-82019","post","type-post","status-publish","format-standard","hentry","category-8672","tag-kiffa","tag-munina"],"_links":{"self":[{"href":"https:\/\/ami.mr\/fr\/wp-json\/wp\/v2\/posts\/82019","targetHints":{"allow":["GET"]}}],"collection":[{"href":"https:\/\/ami.mr\/fr\/wp-json\/wp\/v2\/posts"}],"about":[{"href":"https:\/\/ami.mr\/fr\/wp-json\/wp\/v2\/types\/post"}],"author":[{"embeddable":true,"href":"https:\/\/ami.mr\/fr\/wp-json\/wp\/v2\/users\/1"}],"replies":[{"embeddable":true,"href":"https:\/\/ami.mr\/fr\/wp-json\/wp\/v2\/comments?post=82019"}],"version-history":[{"count":1,"href":"https:\/\/ami.mr\/fr\/wp-json\/wp\/v2\/posts\/82019\/revisions"}],"predecessor-version":[{"id":176867,"href":"https:\/\/ami.mr\/fr\/wp-json\/wp\/v2\/posts\/82019\/revisions\/176867"}],"wp:attachment":[{"href":"https:\/\/ami.mr\/fr\/wp-json\/wp\/v2\/media?parent=82019"}],"wp:term":[{"taxonomy":"category","embeddable":true,"href":"https:\/\/ami.mr\/fr\/wp-json\/wp\/v2\/categories?post=82019"},{"taxonomy":"post_tag","embeddable":true,"href":"https:\/\/ami.mr\/fr\/wp-json\/wp\/v2\/tags?post=82019"}],"curies":[{"name":"wp","href":"https:\/\/api.w.org\/{rel}","templated":true}]}}