{"id":82017,"date":"2020-02-28T20:17:03","date_gmt":"2020-02-28T20:17:03","guid":{"rendered":"http:\/\/192.168.64.2\/fr\/index.php\/2020\/02\/28\/le-president-de-la-republique-rencontre-la-colonie-mauritanienne-en-arabie-saoudite\/"},"modified":"2022-07-05T01:20:43","modified_gmt":"2022-07-05T01:20:43","slug":"le-president-de-la-republique-rencontre-la-colonie-mauritanienne-en-arabie-saoudite","status":"publish","type":"post","link":"https:\/\/ami.mr\/fr\/archives\/82017","title":{"rendered":"Le Pr\u00e9sident de la R\u00e9publique rencontre la colonie mauritanienne en Arabie Saoudite"},"content":{"rendered":"<p>Le Pr\u00e9sident de la R\u00e9publique, M. Mohamed Ould Cheikh El Ghazouani a rencontr\u00e9 vendredi apr\u00e8s- midi au si\u00e8ge de sa r\u00e9sidence \u00e0 M\u00e9dine les membres de la colonie mauritanienne en Arabie Saoudite.<\/p>\n<p>M. Mohamed Ould Cheikh El Ghazouani a, \u00e0 cette occasion, donn\u00e9 l\u2019opportunit\u00e9 aux repr\u00e9sentants de cette communaut\u00e9 de poser leurs probl\u00e8mes li\u00e9s fondamentalement \u00e0 l\u2019enseignement, \u00e0 l\u2019investissement, aux facilit\u00e9s bancaires, \u00e0 l\u2019\u00e9tat civil, \u00e0 l\u2019acc\u00e8s \u00e0 l\u2019enseignement sup\u00e9rieur et aux conditions de travail et de s\u00e9jour en Arabie Saoudite.<\/p>\n<p>Le Pr\u00e9sident de la R\u00e9publique a indiqu\u00e9 que la rencontre avec la communaut\u00e9 mauritanienne dans cette terre b\u00e9nie traduit combien il appr\u00e9cie l\u2019attachement des membres de cette colonie \u00e0 cette terre sacr\u00e9e et leur souci d\u2019y r\u00e9sider et de pr\u00e9server les liens spirituels avec cette contr\u00e9e.<\/p>\n<p>Le Pr\u00e9sident de la R\u00e9publique a remerci\u00e9 les autorit\u00e9s saoudiennes pour la consid\u00e9ration, l&#8217;appr\u00e9ciation, le respect et la mani\u00e8re avec laquelle ils traitent la communaut\u00e9 mauritanienne r\u00e9sidant dans le Royaume fr\u00e8re d&#8217;Arabie saoudite.<\/p>\n<p>Cette situation, dit-il, r\u00e9sulte sans doute de la place de choix qu\u2019occupent les mauritaniens en tant qu&#8217;ambassadeurs, porteurs de savoir et universitaires, statut qui leur a fait gagner toute l&#8217;appr\u00e9ciation et le respect du pays h\u00f4te, acquis que la communaut\u00e9 se doit, en retour, de pr\u00e9server.<\/p>\n<p>Le Pr\u00e9sident de la R\u00e9publique a appel\u00e9 la communaut\u00e9 \u00e0 pr\u00e9server la valeur morale et spirituelle acquise tout au long de l&#8217;histoire de son s\u00e9jour au sein du Royaume. Il a indiqu\u00e9 que les autorit\u00e9s mauritaniennes pour leur part, accordent une grande attention \u00e0 nos colonies \u00e0 l&#8217;\u00e9tranger, en particulier cette communaut\u00e9, qui est la plus ancienne s\u00e9journant en dehors du pays.<\/p>\n<p>Il a pr\u00e9cis\u00e9 que l&#8217;ajout des &#8221;Mauritaniens \u00e0 l&#8217;ext\u00e9rieur&#8221; \u00e0 la d\u00e9nomination du minist\u00e8re des Affaires \u00e9trang\u00e8res et de la Coop\u00e9ration rend celui-ci responsable du suivi des affaires de ces communaut\u00e9s en vue d\u2019apporter des solutions \u00e0 leurs probl\u00e8mes et de fournir r\u00e9guli\u00e8rement au gouvernement toutes les informations \u00e0 leur sujet.<\/p>\n<p>Le pr\u00e9sident de la R\u00e9publique a ajout\u00e9 que l&#8217;\u00c9tat organise tous les deux ans \u00e0 Nouakchott un forum pour les colonies mauritaniennes \u00e0 l&#8217;\u00e9tranger, auquel participeront des repr\u00e9sentants de ces communaut\u00e9s venant de tous les pays du monde, forum portant sur les pr\u00e9occupations et les probl\u00e8mes des citoyens en exil, afin de discuter des solutions \u00e0 leur apporter avec les autorit\u00e9s du pays.<\/p>\n<p>Il a d\u00e9clar\u00e9 qu&#8217;il connaissait nombre des demandes et des probl\u00e8mes rencontr\u00e9s par la communaut\u00e9 mauritanienne, notamment la difficult\u00e9 d&#8217;obtenir la r\u00e9sidence et le co\u00fbt \u00e9lev\u00e9 des frais, en plus des difficult\u00e9s rencontr\u00e9es par les jeunes et les femmes pour obtenir des opportunit\u00e9s d&#8217;emploi, les frais de scolarit\u00e9, la difficult\u00e9 d&#8217;acc\u00e9der \u00e0 l&#8217;enseignement sup\u00e9rieur et les services consulaires \u00e9lev\u00e9s en raison de la pr\u00e9sence de la plupart des citoyens dans la ville de M\u00e9dine et le fait que le consulat g\u00e9n\u00e9ral se trouve \u00e0 Djeddah.<\/p>\n<p>M. Mohamed Ould Cheikh El Ghazouani a d\u00e9clar\u00e9 que l&#8217;\u00c9tat s&#8217;efforce de surmonter les difficult\u00e9s et d&#8217;apporter des solutions aux probl\u00e8mes rencontr\u00e9s par la communaut\u00e9 mauritanienne, et que le gouvernement suivra avec les autorit\u00e9s saoudiennes comp\u00e9tentes, qui ont au demeurant, toujours r\u00e9pondu favorablement aux demandes des autorit\u00e9s mauritaniennes tenant \u00e0 trouver des solutions aux probl\u00e8mes pos\u00e9s \u00e0 cette colonie.<\/p>\n<p>Il a appel\u00e9 la communaut\u00e9 mauritanienne \u00e0 respecter les lois et r\u00e8glements en vigueur dans le Royaume d&#8217;Arabie saoudite, appelant \u00e0 continuer \u00e0 agir toujours dans le sens de tout ce qui est de nature \u00e0 renforcer et consolider les relations avec le Royaume.<\/p>\n<p>Le pr\u00e9sident de la R\u00e9publique a donn\u00e9 ensuite la parole au ministre des Affaires \u00e9trang\u00e8res, de la Coop\u00e9ration et des Mauritaniens \u00e0 l&#8217;\u00e9tranger, qui a soulign\u00e9 son admiration pour le comportement des Chanaghita (habitants du Bilad Chinguitt) \u00e0 travers l&#8217;histoire et leur pr\u00e9sence appr\u00e9ci\u00e9e dans la r\u00e9gion du Golfe en g\u00e9n\u00e9ral et en Arabie saoudite en particulier.<\/p>\n<p>Il a d\u00e9clar\u00e9 que la r\u00e9putation des Chanaguita est une fiert\u00e9 qui doit \u00eatre pr\u00e9serv\u00e9e, soulignant que la lettre de mission qui lui est adress\u00e9e par Son Excellence le Pr\u00e9sident de la R\u00e9publique, M. Mohamed Ould Cheikh El-Ghazouani, souligne l&#8217;int\u00e9r\u00eat particulier qu&#8217;il voue aux communaut\u00e9s mauritaniennes en g\u00e9n\u00e9ral et dans cette contr\u00e9e en particulier, en raison de son r\u00f4le important dans l&#8217;\u00e9conomie nationale mais aussi dans le domaine culturel et en mati\u00e8re de renforcement des liens avec le Royaume fr\u00e8re d&#8217;Arabie saoudite.<\/p>\n<p>Il a indiqu\u00e9 que le minist\u00e8re va recenser tous les probl\u00e8mes rencontr\u00e9s par les communaut\u00e9s et les soumettra \u00e0 la conf\u00e9rence g\u00e9n\u00e9rale des communaut\u00e9s mauritaniennes pr\u00e9vue \u00e0 Nouakchott, relevant qu&#8217;\u00e0 la t\u00eate des probl\u00e8mes les plus importants il y a ceux des papiers d&#8217;\u00e9tat civil.<\/p>\n<p>Le ministre a soulign\u00e9 que le gouvernement a d\u00e9p\u00each\u00e9 des missions de l&#8217;Agence nationale du Registre de la Population et des Titres S\u00e9curis\u00e9s (ANRPTS) dans certains pays o\u00f9 il n&#8217;y a pas de centres d\u2019enr\u00f4lement afin de r\u00e9gler les probl\u00e8mes soulev\u00e9s dans ce domaine.<\/p>\n<p>En ce qui concerne la r\u00e9solution du probl\u00e8me de la double nationalit\u00e9, il a \u00e9t\u00e9 constitu\u00e9, dit-il, sur instructions du Pr\u00e9sident de la R\u00e9publique, un comit\u00e9 interminist\u00e9riel et le gouvernement s&#8217;emploie \u00e0 fournir aux membres de la communaut\u00e9 des facilit\u00e9s li\u00e9es aux investissements et \u00e0 l&#8217;acc\u00e9l\u00e9ration des transferts bancaires via la Banque Centrale ainsi qu&#8217;\u00e0 la r\u00e9solution des probl\u00e8mes li\u00e9s aux s\u00e9jours et aux frais y aff\u00e9rents et \u00e0 ceux des personnes confront\u00e9es \u00e0 des d\u00e9cisions judiciaires en coop\u00e9ration avec les autorit\u00e9s comp\u00e9tentes du Royaume.<\/p>\n<p>Il a soulign\u00e9 que l\u2019une des priorit\u00e9s de Son Excellence le Pr\u00e9sident de la R\u00e9publique est de r\u00e9soudre le probl\u00e8me de l\u2019acc\u00e8s des membres de la communaut\u00e9 \u00e0 l\u2019enseignement sup\u00e9rieur, en particulier celui des filles, et que les autorit\u00e9s leur ont donn\u00e9 la priorit\u00e9 dans les places accord\u00e9es par le gouvernement \u00e9gyptien dans le cadre de la coop\u00e9ration mauritano-\u00e9gyptienne dans ce domaine.<\/p>\n<p>L&#8217;ambassadeur de Mauritanie accr\u00e9dit\u00e9 aupr\u00e8s du Royaume d&#8217;Arabie saoudite, SEM. Sidi Ali Ould Sidi Ali a, au d\u00e9but de la r\u00e9union, remerci\u00e9 le Pr\u00e9sident de la R\u00e9publique pour l\u2019int\u00e9r\u00eat accord\u00e9 \u00e0 la communaut\u00e9 et son souci de s\u2019informer sur leurs probl\u00e8mes d&#8217;une part et de les \u00e9difier, d&#8217;autre part, sur les conditions dans le pays et les programmes que le gouvernement entend mettre en \u0153uvre au profit de la population.<\/p>\n<p>\u00c0 son tour, le d\u00e9put\u00e9 repr\u00e9sentant la zone Asie et Monde arabe, M. Mohamed Salem Zarrouk, dit Abou Abdarahmane a, au nom de la communaut\u00e9, exprim\u00e9 sa gratitude au Pr\u00e9sident de la R\u00e9publique, M. Mohamed Ould Cheikh El-Ghazouani, pour cette r\u00e9union sans pr\u00e9c\u00e9dent qui refl\u00e8te l&#8217;int\u00e9r\u00eat port\u00e9 aux citoyens et \u00e0 leur participation \u00e0 la vie publique, \u00e0 la connaissance de leurs probl\u00e8mes en vue de leur apporter les solutions appropri\u00e9es.<\/p>\n<p>Il a d\u00e9clar\u00e9 que cette r\u00e9union est porteuse d\u2019espoirs et rassure au sujet de l&#8217;avenir du pays avant de remercier les autorit\u00e9s saoudiennes pour les services rendus \u00e0 notre colonie et aux musulmans en g\u00e9n\u00e9ral, soulignant que la communaut\u00e9 mauritanienne \u0153uvrera dans le sens de tout ce qui pourrait renforcer les relations bilat\u00e9rales, soulignant son respect des lois et r\u00e8glements en vigueur dans le Royaume fr\u00e8re d&#8217;Arabie saoudite.<\/p>\n<p>\u00c0 leur tour, d&#8217;autres interlocuteurs ont remerci\u00e9 le Pr\u00e9sident de la R\u00e9publique pour cette rencontre, \u00e0 quelques m\u00e8tres de la sainte \u2018\u2019Rawda\u2019\u2019 (tombeau) du Proph\u00e8te (PSL), appelant Allah le Tout-Puissant \u00e0 pr\u00e9server la Mauritanie et ses dirigeants et \u00e0 l&#8217;\u00e9pargner des tentations mais aussi des querelles intestines apparentes ou autres.<\/p>\n<p>La r\u00e9union a eu lieu en pr\u00e9sence du ministre des Affaires \u00e9trang\u00e8res et de la coop\u00e9ration et des mauritaniens de l\u2019ext\u00e9rieur, du directeur du Cabinet du Pr\u00e9sident de la R\u00e9publique et de l\u2019ambassadeur de Mauritanie aupr\u00e8s du Royaume d\u2019Arabie saoudite.<\/p>\n","protected":false},"excerpt":{"rendered":"<p>Le Pr\u00e9sident de la R\u00e9publique, M. Mohamed Ould Cheikh El Ghazouani a rencontr\u00e9 vendredi apr\u00e8s- midi au si\u00e8ge de sa r\u00e9sidence \u00e0 M\u00e9dine les membres de la colonie mauritanienne en Arabie Saoudite<\/p>\n","protected":false},"author":1,"featured_media":176866,"comment_status":"closed","ping_status":"closed","sticky":false,"template":"","format":"standard","meta":{"footnotes":""},"categories":[],"tags":[63991,62670,62750],"class_list":["post-82017","post","type-post","status-publish","format-standard","has-post-thumbnail","hentry","tag-activites-presidentielles","tag-medine","tag-munina"],"_links":{"self":[{"href":"https:\/\/ami.mr\/fr\/wp-json\/wp\/v2\/posts\/82017","targetHints":{"allow":["GET"]}}],"collection":[{"href":"https:\/\/ami.mr\/fr\/wp-json\/wp\/v2\/posts"}],"about":[{"href":"https:\/\/ami.mr\/fr\/wp-json\/wp\/v2\/types\/post"}],"author":[{"embeddable":true,"href":"https:\/\/ami.mr\/fr\/wp-json\/wp\/v2\/users\/1"}],"replies":[{"embeddable":true,"href":"https:\/\/ami.mr\/fr\/wp-json\/wp\/v2\/comments?post=82017"}],"version-history":[{"count":1,"href":"https:\/\/ami.mr\/fr\/wp-json\/wp\/v2\/posts\/82017\/revisions"}],"predecessor-version":[{"id":176865,"href":"https:\/\/ami.mr\/fr\/wp-json\/wp\/v2\/posts\/82017\/revisions\/176865"}],"wp:featuredmedia":[{"embeddable":true,"href":"https:\/\/ami.mr\/fr\/wp-json\/wp\/v2\/media\/176866"}],"wp:attachment":[{"href":"https:\/\/ami.mr\/fr\/wp-json\/wp\/v2\/media?parent=82017"}],"wp:term":[{"taxonomy":"category","embeddable":true,"href":"https:\/\/ami.mr\/fr\/wp-json\/wp\/v2\/categories?post=82017"},{"taxonomy":"post_tag","embeddable":true,"href":"https:\/\/ami.mr\/fr\/wp-json\/wp\/v2\/tags?post=82017"}],"curies":[{"name":"wp","href":"https:\/\/api.w.org\/{rel}","templated":true}]}}