{"id":81833,"date":"2020-02-24T18:33:32","date_gmt":"2020-02-24T18:33:32","guid":{"rendered":"http:\/\/192.168.64.2\/fr\/index.php\/2020\/02\/24\/republique-du-tchad\/"},"modified":"2022-07-05T01:15:00","modified_gmt":"2022-07-05T01:15:00","slug":"republique-du-tchad","status":"publish","type":"post","link":"https:\/\/ami.mr\/fr\/archives\/81833","title":{"rendered":"R\u00e9publique du Tchad"},"content":{"rendered":"<p>La R\u00e9publique du Tchad est un pays d&#8217;Afrique centrale situ\u00e9 au sud de la Libye, \u00e0 l&#8217;Est du Niger, du Nigeria et du Cameroun, au nord de la R\u00e9publique centrafricaine, et \u00e0 l&#8217;ouest du Soudan. Sans acc\u00e8s \u00e0 la mer, il fait g\u00e9ographiquement et culturellement transition entre Afrique du Nord et Afrique subsaharienne. Le Tchad, qui est ind\u00e9pendant depuis 1960, c\u00e9l\u00e8bre sa f\u00eate nationale le 11 Ao\u00fbt de chaque ann\u00e9e.<\/p>\n<p>Cinqui\u00e8me pays le plus vaste du continent africain pr\u00e9c\u00e9d\u00e9 de la Libye, le Tchad se divise en trois grands ensembles g\u00e9ographiques. Une partie non n\u00e9gligeable est constitu\u00e9e dans le nord par le d\u00e9sert du Sahara; le Sahel semi-aride au centre, et la savane soudanaise dans le sud du pays o\u00f9 la flore est apparente avec une v\u00e9g\u00e9tation relativement diversifi\u00e9e, cons\u00e9quence d&#8217;un sol fertile et d&#8217;une pluviom\u00e9trie plus ou moins normale. Le Lac-Tchad auquel se rattache le nom m\u00eame du pays, est son principal cours d&#8217;eau aliment\u00e9 par le Logone et le Chari en saison de pluie particuli\u00e8rement. S&#8217;agissant des massifs montagneux, l&#8217;Emi Koussi constitue le point culminant du pays avec 3 415 m\u00e8tres d&#8217;altitude et est en effet l&#8217;un des plus anciens volcans constituant le massif du Tibesti.<\/p>\n<p>Pays agricole, producteur de coton, d&#8217;arachide, de bovins, le Tchad est devenu en 2003 exportateur de p\u00e9trole, accroissant ainsi consid\u00e9rablement les ressources financi\u00e8res de l&#8217;\u00c9tat.<\/p>\n<p>Le Tchad, dont la capitale est Ndjamena, s\u2019\u00e9tend sur une superficie de 1 284 000 km\u00b2. Les autres villes principales du pays sont Ab\u00e9ch\u00e9 et Moundou. Il utilise comme langues l\u2019Arabe et le Fran\u00e7ais et le Tchadien. Sa monnaie est le Franc CFA. Sa population est estim\u00e9e \u00e0 14,9 millions d\u2019habitants et sa densit\u00e9 moyenne est de 11,8 habitants au km\u00b2, selon les chiffres de la Banque Mondiale de 2017.<\/p>\n<p>Biographie de Son Excellence le Pr\u00e9sident du Tchad Idriss Deby Itno<\/p>\n<p>le pr\u00e9sident du Tchad IDRISS DEBY ITNO est n\u00e9 en 1952 \u00e0 Berdoba . Il entre \u00e0 l\u2019\u00e9cole fran\u00e7aise \u00e0 Fada, apr\u00e8s avoir fr\u00e9quent\u00e9 l\u2019Ecole Coranique de Tin\u00e9. Ses \u00e9tudes le m\u00e8nent ensuite au Lyc\u00e9e Franco-Arabe d\u2019Ab\u00e9ch\u00e9 et au Lyc\u00e9e Jacques Moudeina de Bongor. Titulaire d\u2019un Baccalaur\u00e9at Scientifique, il entame sa formation militaire \u00e0 l\u2019Ecole des Officiers d\u2019Active de N\u2019Djam\u00e9na (Promotion 1975-1976) avant d\u2019entrer \u00e0 l\u2019Institut A\u00e9ronautique d\u2019Amaury la Grange de Hazebruk (France). Devenu pilote de transport, dipl\u00f4m\u00e9 parachutiste, il retrouve le pays en pleine \u00e9bullition apr\u00e8s les combats de f\u00e9vrier 1979.<\/p>\n<p>Le 03 mai 2006, apr\u00e8s avoir su mener une v\u00e9ritable politique de d\u00e9veloppement socio-\u00e9conomique et de lutte contre la pauvret\u00e9, IDRISS DEBY ITNO, est r\u00e9\u00e9lu une troisi\u00e8me fois \u00e0 la magistrature supr\u00eame pour un nouveau quinquennat. Son engagement pour l\u2019instauration d\u2019un Etat de droit et de d\u00e9mocratie a \u00e9t\u00e9 aur\u00e9ol\u00e9 par un Prix Europ\u00e9en. Le Pr\u00e9sident IDRISS DEBY ITNO a re\u00e7u, par ailleurs, plusieurs distinctions honorifiques. Pour couronner son engagement et ses multiples actions en faveur de la jeunesse, le Pr\u00e9sident IDRISS DEBY ITNO a \u00e9t\u00e9 fait &#8220;Docteur honoris causa&#8221; le 05 octobre 2010 par l&#8217;Universit\u00e9 Roi Fay\u00e7al.<\/p>\n","protected":false},"excerpt":{"rendered":"<p>La R\u00e9publique du Tchad est un pays d&#8217;Afrique centrale situ\u00e9 au sud de la Libye, \u00e0 l&#8217;Est du Niger, du Nigeria et du Cameroun, au nord de la R\u00e9publique centrafricaine, et \u00e0 l&#8217;ouest du Soudan<\/p>\n","protected":false},"author":1,"featured_media":176682,"comment_status":"closed","ping_status":"closed","sticky":false,"template":"","format":"standard","meta":{"footnotes":""},"categories":[],"tags":[62750,62476,63993],"class_list":["post-81833","post","type-post","status-publish","format-standard","has-post-thumbnail","hentry","tag-munina","tag-nouakchott","tag-politique"],"_links":{"self":[{"href":"https:\/\/ami.mr\/fr\/wp-json\/wp\/v2\/posts\/81833","targetHints":{"allow":["GET"]}}],"collection":[{"href":"https:\/\/ami.mr\/fr\/wp-json\/wp\/v2\/posts"}],"about":[{"href":"https:\/\/ami.mr\/fr\/wp-json\/wp\/v2\/types\/post"}],"author":[{"embeddable":true,"href":"https:\/\/ami.mr\/fr\/wp-json\/wp\/v2\/users\/1"}],"replies":[{"embeddable":true,"href":"https:\/\/ami.mr\/fr\/wp-json\/wp\/v2\/comments?post=81833"}],"version-history":[{"count":1,"href":"https:\/\/ami.mr\/fr\/wp-json\/wp\/v2\/posts\/81833\/revisions"}],"predecessor-version":[{"id":176681,"href":"https:\/\/ami.mr\/fr\/wp-json\/wp\/v2\/posts\/81833\/revisions\/176681"}],"wp:featuredmedia":[{"embeddable":true,"href":"https:\/\/ami.mr\/fr\/wp-json\/wp\/v2\/media\/176682"}],"wp:attachment":[{"href":"https:\/\/ami.mr\/fr\/wp-json\/wp\/v2\/media?parent=81833"}],"wp:term":[{"taxonomy":"category","embeddable":true,"href":"https:\/\/ami.mr\/fr\/wp-json\/wp\/v2\/categories?post=81833"},{"taxonomy":"post_tag","embeddable":true,"href":"https:\/\/ami.mr\/fr\/wp-json\/wp\/v2\/tags?post=81833"}],"curies":[{"name":"wp","href":"https:\/\/api.w.org\/{rel}","templated":true}]}}