{"id":81813,"date":"2020-02-24T13:17:09","date_gmt":"2020-02-24T13:17:09","guid":{"rendered":"http:\/\/192.168.64.2\/fr\/index.php\/2020\/02\/24\/le-ministre-delegue-charge-de-la-promotion-de-linvestissement-sentretient-avec-le-directeur-general-de-loapi\/"},"modified":"2022-07-05T01:14:23","modified_gmt":"2022-07-05T01:14:23","slug":"le-ministre-delegue-charge-de-la-promotion-de-linvestissement-sentretient-avec-le-directeur-general-de-loapi","status":"publish","type":"post","link":"https:\/\/ami.mr\/fr\/archives\/81813","title":{"rendered":"Le ministre d\u00e9l\u00e9gu\u00e9 charg\u00e9 de la promotion de l\u2019investissement s\u2019entretient avec le directeur g\u00e9n\u00e9ral de l\u2019OAPI"},"content":{"rendered":"<p>M. H\u2019Bib Ould Ham, ministre d\u00e9l\u00e9gu\u00e9 aupr\u00e8s du ministre de l\u2019\u00e9conomie et de l\u2019industrie&#1577; charg\u00e9 de la promotion de l\u2019investissement et du d\u00e9veloppement industriel, a eu lundi matin des entretiens dans son bureau au minist\u00e8re avec M. Denis L. Bohoussou, directeur g\u00e9n\u00e9ral de l\u2019Organisation Africaine pour la Propri\u00e9t\u00e9 Intellectuelle (OAPI) actuellement en visite dans notre pays \u00e0 la t\u00eate d\u2019une importante d\u00e9l\u00e9gation de l\u2019Organisation.<\/p>\n<p>Les entretiens, qui se sont d\u00e9roul\u00e9s en pr\u00e9sence de M. Ahmed Mahmoud Ould Soueid Ahmed, secr\u00e9taire g\u00e9n\u00e9ral du minist\u00e8re d\u00e9l\u00e9gu\u00e9, ont abord\u00e9 diff\u00e9rents aspects de la coop\u00e9ration existant entre notre pays et l\u2019OAPI et les moyens de la renforcer en particulier en ce qui concerne le lancement de la construction du si\u00e8ge de l\u2019Organisation en Mauritanie dont les travaux doivent commencer incessamment.<\/p>\n<p>L\u2019entrevue s\u2019est d\u00e9roul\u00e9e en pr\u00e9sence de M. Boubacar Mohamed Baba, directeur g\u00e9n\u00e9ral du d\u00e9veloppement industriel au m\u00eame minist\u00e8re et des membres de la d\u00e9l\u00e9gation de l\u2019OAPI.<\/p>\n","protected":false},"excerpt":{"rendered":"<p>M. H\u2019Bib Ould Ham, ministre d\u00e9l\u00e9gu\u00e9 aupr\u00e8s du ministre de l\u2019\u00e9conomie et de l\u2019industrie&#1577; charg\u00e9 de la promotion de l\u2019investissement et du d\u00e9veloppement industriel, a eu lundi matin des entretiens dans son bureau au minist\u00e8re avec M<\/p>\n","protected":false},"author":1,"featured_media":176662,"comment_status":"closed","ping_status":"closed","sticky":false,"template":"","format":"standard","meta":{"footnotes":""},"categories":[],"tags":[63990,62969,62476,62753],"class_list":["post-81813","post","type-post","status-publish","format-standard","has-post-thumbnail","hentry","tag-activites-gouvernementales","tag-alya","tag-nouakchott","tag-rabani"],"_links":{"self":[{"href":"https:\/\/ami.mr\/fr\/wp-json\/wp\/v2\/posts\/81813","targetHints":{"allow":["GET"]}}],"collection":[{"href":"https:\/\/ami.mr\/fr\/wp-json\/wp\/v2\/posts"}],"about":[{"href":"https:\/\/ami.mr\/fr\/wp-json\/wp\/v2\/types\/post"}],"author":[{"embeddable":true,"href":"https:\/\/ami.mr\/fr\/wp-json\/wp\/v2\/users\/1"}],"replies":[{"embeddable":true,"href":"https:\/\/ami.mr\/fr\/wp-json\/wp\/v2\/comments?post=81813"}],"version-history":[{"count":1,"href":"https:\/\/ami.mr\/fr\/wp-json\/wp\/v2\/posts\/81813\/revisions"}],"predecessor-version":[{"id":176661,"href":"https:\/\/ami.mr\/fr\/wp-json\/wp\/v2\/posts\/81813\/revisions\/176661"}],"wp:featuredmedia":[{"embeddable":true,"href":"https:\/\/ami.mr\/fr\/wp-json\/wp\/v2\/media\/176662"}],"wp:attachment":[{"href":"https:\/\/ami.mr\/fr\/wp-json\/wp\/v2\/media?parent=81813"}],"wp:term":[{"taxonomy":"category","embeddable":true,"href":"https:\/\/ami.mr\/fr\/wp-json\/wp\/v2\/categories?post=81813"},{"taxonomy":"post_tag","embeddable":true,"href":"https:\/\/ami.mr\/fr\/wp-json\/wp\/v2\/tags?post=81813"}],"curies":[{"name":"wp","href":"https:\/\/api.w.org\/{rel}","templated":true}]}}