{"id":81791,"date":"2020-02-23T10:56:40","date_gmt":"2020-02-23T10:56:40","guid":{"rendered":"http:\/\/192.168.64.2\/fr\/index.php\/2020\/02\/23\/retour-a-nouakchott-de-quatre-etudiants-mauritaniens-de-chine\/"},"modified":"2022-07-05T01:13:46","modified_gmt":"2022-07-05T01:13:46","slug":"retour-a-nouakchott-de-quatre-etudiants-mauritaniens-de-chine","status":"publish","type":"post","link":"https:\/\/ami.mr\/fr\/archives\/81791","title":{"rendered":"Retour \u00e0 Nouakchott de quatre \u00e9tudiants mauritaniens de Chine"},"content":{"rendered":"<p>Quatre \u00e9tudiants mauritaniens r\u00e9sidant en Chine sont arriv\u00e9s samedi soir \u00e0 Nouakchott en provenance de la R\u00e9publique d\u2019Alg\u00e9rie s\u0153ur.<\/p>\n<p>Les \u00e9tudiants ont \u00e9t\u00e9 \u00e9vacu\u00e9s, depuis un certain temps de Chine, suite \u00e0 une coordination entre le minist\u00e8re des Affaires \u00e9trang\u00e8res, de la Coop\u00e9ration et des Mauritaniens de l\u2019Ext\u00e9rieur et celui des Affaires \u00e9trang\u00e8res de la R\u00e9publique Alg\u00e9rienne D\u00e9mocratique et Populaire.<\/p>\n<p>Les \u00e9tudiants ont \u00e9t\u00e9 accueillis \u00e0 l\u2019a\u00e9roport par les ambassadeurs Mohamed Abdarrahmane Sidina, directeur du d\u00e9partement Maghreb Arabe et Ahemdy Haki, directeur du d\u00e9partement des Mauritaniens de l\u2019Ext\u00e9rieur et des affaires consulaires.<\/p>\n","protected":false},"excerpt":{"rendered":"<p>Quatre \u00e9tudiants mauritaniens r\u00e9sidant en Chine sont arriv\u00e9s samedi soir \u00e0 Nouakchott en provenance de la R\u00e9publique d\u2019Alg\u00e9rie s\u0153ur.<\/p>\n<p>Les \u00e9tudiants ont \u00e9t\u00e9 \u00e9vacu\u00e9s, depuis un certain temps de Chine, suite \u00e0 une coordination entre le minist\u00e8re des Affair<\/p>\n","protected":false},"author":1,"featured_media":176640,"comment_status":"closed","ping_status":"closed","sticky":false,"template":"","format":"standard","meta":{"footnotes":""},"categories":[],"tags":[62476,62753,63996],"class_list":["post-81791","post","type-post","status-publish","format-standard","has-post-thumbnail","hentry","tag-nouakchott","tag-rabani","tag-societe"],"_links":{"self":[{"href":"https:\/\/ami.mr\/fr\/wp-json\/wp\/v2\/posts\/81791","targetHints":{"allow":["GET"]}}],"collection":[{"href":"https:\/\/ami.mr\/fr\/wp-json\/wp\/v2\/posts"}],"about":[{"href":"https:\/\/ami.mr\/fr\/wp-json\/wp\/v2\/types\/post"}],"author":[{"embeddable":true,"href":"https:\/\/ami.mr\/fr\/wp-json\/wp\/v2\/users\/1"}],"replies":[{"embeddable":true,"href":"https:\/\/ami.mr\/fr\/wp-json\/wp\/v2\/comments?post=81791"}],"version-history":[{"count":1,"href":"https:\/\/ami.mr\/fr\/wp-json\/wp\/v2\/posts\/81791\/revisions"}],"predecessor-version":[{"id":176639,"href":"https:\/\/ami.mr\/fr\/wp-json\/wp\/v2\/posts\/81791\/revisions\/176639"}],"wp:featuredmedia":[{"embeddable":true,"href":"https:\/\/ami.mr\/fr\/wp-json\/wp\/v2\/media\/176640"}],"wp:attachment":[{"href":"https:\/\/ami.mr\/fr\/wp-json\/wp\/v2\/media?parent=81791"}],"wp:term":[{"taxonomy":"category","embeddable":true,"href":"https:\/\/ami.mr\/fr\/wp-json\/wp\/v2\/categories?post=81791"},{"taxonomy":"post_tag","embeddable":true,"href":"https:\/\/ami.mr\/fr\/wp-json\/wp\/v2\/tags?post=81791"}],"curies":[{"name":"wp","href":"https:\/\/api.w.org\/{rel}","templated":true}]}}