{"id":81464,"date":"2020-02-11T19:56:49","date_gmt":"2020-02-11T19:56:49","guid":{"rendered":"http:\/\/192.168.64.2\/fr\/index.php\/2020\/02\/11\/le-ministre-des-affaires-etrangeres-sentretient-avec-lenvoye-special-francais-pour-le-sahel\/"},"modified":"2022-07-05T01:04:10","modified_gmt":"2022-07-05T01:04:10","slug":"le-ministre-des-affaires-etrangeres-sentretient-avec-lenvoye-special-francais-pour-le-sahel","status":"publish","type":"post","link":"https:\/\/ami.mr\/fr\/archives\/81464","title":{"rendered":"Le ministre des Affaires \u00e9trang\u00e8res s\u2019entretient avec l\u2019envoy\u00e9 sp\u00e9cial fran\u00e7ais pour le Sahel"},"content":{"rendered":"<p>Le ministre des Affaires \u00e9trang\u00e8res, de la coop\u00e9ration et des Mauritaniens de l\u2019Ext\u00e9rieur, M. Isma\u00ebl Ould Cheikh Ahmed, s\u2019est entretenu, mardi, avec l\u2019envoy\u00e9 sp\u00e9cial fran\u00e7ais pour le Sahel, M. Christophe Bigot, actuellement en visite en Mauritanie.<\/p>\n<p>Les entretiens ont port\u00e9 sur les relations de coop\u00e9ration liant la Mauritanie et la France et les questions d\u2019int\u00e9r\u00eat commun, notamment dans la r\u00e9gion du Sahel.<\/p>\n<p>Ont assist\u00e9 \u00e0 la rencontre, MM. Sidi Mohamed Sadatt, charg\u00e9 de mission et Sall Abdoulaye, directeur adjoint du d\u00e9partement des affaires europ\u00e9enne, tous deux au minist\u00e8re des Affaires \u00e9trang\u00e8res, de la coop\u00e9ration et des Mauritaniens de l\u2019Ext\u00e9rieur ainsi que l\u2019ambassadeur de France \u00e0 Nouakchott, SEM. Robert Mouli\u00e9.<\/p>\n","protected":false},"excerpt":{"rendered":"<p>Le ministre des Affaires \u00e9trang\u00e8res, de la coop\u00e9ration et des Mauritaniens de l\u2019Ext\u00e9rieur, M. Isma\u00ebl Ould Cheikh Ahmed, s\u2019est entretenu, mardi, avec l\u2019envoy\u00e9 sp\u00e9cial fran\u00e7ais pour le Sahel, M<\/p>\n","protected":false},"author":1,"featured_media":176313,"comment_status":"closed","ping_status":"closed","sticky":false,"template":"","format":"standard","meta":{"footnotes":""},"categories":[],"tags":[63990,62476,62753],"class_list":["post-81464","post","type-post","status-publish","format-standard","has-post-thumbnail","hentry","tag-activites-gouvernementales","tag-nouakchott","tag-rabani"],"_links":{"self":[{"href":"https:\/\/ami.mr\/fr\/wp-json\/wp\/v2\/posts\/81464","targetHints":{"allow":["GET"]}}],"collection":[{"href":"https:\/\/ami.mr\/fr\/wp-json\/wp\/v2\/posts"}],"about":[{"href":"https:\/\/ami.mr\/fr\/wp-json\/wp\/v2\/types\/post"}],"author":[{"embeddable":true,"href":"https:\/\/ami.mr\/fr\/wp-json\/wp\/v2\/users\/1"}],"replies":[{"embeddable":true,"href":"https:\/\/ami.mr\/fr\/wp-json\/wp\/v2\/comments?post=81464"}],"version-history":[{"count":1,"href":"https:\/\/ami.mr\/fr\/wp-json\/wp\/v2\/posts\/81464\/revisions"}],"predecessor-version":[{"id":176312,"href":"https:\/\/ami.mr\/fr\/wp-json\/wp\/v2\/posts\/81464\/revisions\/176312"}],"wp:featuredmedia":[{"embeddable":true,"href":"https:\/\/ami.mr\/fr\/wp-json\/wp\/v2\/media\/176313"}],"wp:attachment":[{"href":"https:\/\/ami.mr\/fr\/wp-json\/wp\/v2\/media?parent=81464"}],"wp:term":[{"taxonomy":"category","embeddable":true,"href":"https:\/\/ami.mr\/fr\/wp-json\/wp\/v2\/categories?post=81464"},{"taxonomy":"post_tag","embeddable":true,"href":"https:\/\/ami.mr\/fr\/wp-json\/wp\/v2\/tags?post=81464"}],"curies":[{"name":"wp","href":"https:\/\/api.w.org\/{rel}","templated":true}]}}