{"id":81460,"date":"2020-02-11T19:52:03","date_gmt":"2020-02-11T19:52:03","guid":{"rendered":"http:\/\/192.168.64.2\/fr\/index.php\/2020\/02\/11\/ouverture-a-nouadhibou-dun-bureau-conjoint-oim-hcr\/"},"modified":"2022-07-05T01:04:02","modified_gmt":"2022-07-05T01:04:02","slug":"ouverture-a-nouadhibou-dun-bureau-conjoint-oim-hcr","status":"publish","type":"post","link":"https:\/\/ami.mr\/fr\/archives\/81460","title":{"rendered":"Ouverture \u00e0 Nouadhibou d\u2019un bureau conjoint OIM-HCR"},"content":{"rendered":"<p>L\u2019Organisation mondiale de l\u2019Immigration (OIM) et le Haut-Commissariat aux R\u00e9fugi\u00e9s (HCR) ont ouvert un bureau commun, ce mardi \u00e0 Nouadhibou. La c\u00e9r\u00e9monie d\u2019ouverture du bureau a \u00e9t\u00e9 supervis\u00e9e par la wali de Dakhlet-Nouadhibou, M. Mohamed Ould Ahmed Salem Ould Mohamed Rar\u00e9.<\/p>\n<p>La repr\u00e9sentante du HCR, Mme Maria Stavropoulou, a d\u00e9clar\u00e9 que l\u2019ouverture de ce bureau \u00e0 Nouadhibou intervient dans le cadre des objectifs communs des deux organisations en mati\u00e8re de prise en charge des immigr\u00e9s et de la protection de leurs droits. Le choix de Nouadhibou s\u2019explique, selon elle, par la position charni\u00e8re de cette ville entre l\u2019Afrique occidentale et l\u2019Europe.<\/p>\n<p>Mme Maria Stavropoulou s\u2019est r\u00e9jouie de la coop\u00e9ration des autorit\u00e9s mauritaniennes et de leur r\u00e9activit\u00e9 positive par rapport \u00e0 toutes les questions li\u00e9es \u00e0 l\u2019immigration, ainsi que de leur respect des conventions internationales et des droits de l\u2019Homme.<\/p>\n<p>Pour sa part, la repr\u00e9sentante de l\u2019OIM en Mauritanie, Mme Laura Lungareti, a soulign\u00e9 que l\u2019inauguration de ce bureau conjoint est en conformit\u00e9 avec l\u2019approche de son organisation en mati\u00e8re de protection des immigr\u00e9s, d\u2019am\u00e9lioration de l\u2019environnement dans lequel ils vivent et de respect du droit international dans le domaine de l\u2019immigration. Elle a, \u00e9galement, fait observer que les pouvoirs publics mauritaniens partagent les m\u00eames pr\u00e9occupations que l\u2019OIM, et qu\u2019ils offrent de larges facilit\u00e9s dans la prise en charge des immigr\u00e9s sur le territoire mauritanien.<\/p>\n","protected":false},"excerpt":{"rendered":"<p>L\u2019Organisation mondiale de l\u2019Immigration (OIM) et le Haut-Commissariat aux R\u00e9fugi\u00e9s (HCR) ont ouvert un bureau commun, ce mardi \u00e0 Nouadhibou. La c\u00e9r\u00e9monie d\u2019ouverture du bureau a \u00e9t\u00e9 supervis\u00e9e par la wali de Dakhlet-Nouadhibou, M<\/p>\n","protected":false},"author":1,"featured_media":176309,"comment_status":"closed","ping_status":"closed","sticky":false,"template":"","format":"standard","meta":{"footnotes":""},"categories":[8672],"tags":[62482,62753],"class_list":["post-81460","post","type-post","status-publish","format-standard","has-post-thumbnail","hentry","category-8672","tag-nouadhibou","tag-rabani"],"_links":{"self":[{"href":"https:\/\/ami.mr\/fr\/wp-json\/wp\/v2\/posts\/81460","targetHints":{"allow":["GET"]}}],"collection":[{"href":"https:\/\/ami.mr\/fr\/wp-json\/wp\/v2\/posts"}],"about":[{"href":"https:\/\/ami.mr\/fr\/wp-json\/wp\/v2\/types\/post"}],"author":[{"embeddable":true,"href":"https:\/\/ami.mr\/fr\/wp-json\/wp\/v2\/users\/1"}],"replies":[{"embeddable":true,"href":"https:\/\/ami.mr\/fr\/wp-json\/wp\/v2\/comments?post=81460"}],"version-history":[{"count":1,"href":"https:\/\/ami.mr\/fr\/wp-json\/wp\/v2\/posts\/81460\/revisions"}],"predecessor-version":[{"id":176308,"href":"https:\/\/ami.mr\/fr\/wp-json\/wp\/v2\/posts\/81460\/revisions\/176308"}],"wp:featuredmedia":[{"embeddable":true,"href":"https:\/\/ami.mr\/fr\/wp-json\/wp\/v2\/media\/176309"}],"wp:attachment":[{"href":"https:\/\/ami.mr\/fr\/wp-json\/wp\/v2\/media?parent=81460"}],"wp:term":[{"taxonomy":"category","embeddable":true,"href":"https:\/\/ami.mr\/fr\/wp-json\/wp\/v2\/categories?post=81460"},{"taxonomy":"post_tag","embeddable":true,"href":"https:\/\/ami.mr\/fr\/wp-json\/wp\/v2\/tags?post=81460"}],"curies":[{"name":"wp","href":"https:\/\/api.w.org\/{rel}","templated":true}]}}