{"id":80718,"date":"2020-01-13T14:04:46","date_gmt":"2020-01-13T14:04:46","guid":{"rendered":"http:\/\/192.168.64.2\/fr\/index.php\/2020\/01\/13\/colloque-scientifique-sur-le-livre-du-savant-cheikh-abdallahi-ould-boye-aspect-des-finalites\/"},"modified":"2022-07-04T23:42:59","modified_gmt":"2022-07-04T23:42:59","slug":"colloque-scientifique-sur-le-livre-du-savant-cheikh-abdallahi-ould-boye-aspect-des-finalites","status":"publish","type":"post","link":"https:\/\/ami.mr\/fr\/archives\/80718","title":{"rendered":"Colloque scientifique sur le livre du savant Cheikh Abdallahi Ould Boye &#8220;Aspect des finalit\u00e9s&#8221;"},"content":{"rendered":"<p>Le Forum pour la promotion de la paix dans les soci\u00e9t\u00e9s musulmanes pr\u00e9sid\u00e9 par le savant Cheikh Abdallahi Ould Boye a organis\u00e9 dimanche soir \u00e0 Nouakchott un colloque sur son livre &#8220;Aspect des finalit\u00e9s du Fikh&#8221;.<\/p>\n<p>Le colloque a \u00e9t\u00e9 marqu\u00e9 par la pr\u00e9sentation d\u2019un expos\u00e9 traitant des diff\u00e9rents aspects du livre et des commentaires de M. Mohameden Ould Hemeine et du Dr. Sidi Ould Bah.<\/p>\n<p>Le conf\u00e9rencier, le magistrat Mohamed Amar Mohamed Ahmed Ould Sidi Yahya a indiqu\u00e9 que le livre pr\u00e9sente de v\u00e9ritables solutions nouvelles aux probl\u00e8mes contemporains avant d\u2019ajouter que le savant a discut\u00e9 des sujets portant sur de nouvelles transactions financi\u00e8res telles que l&#8217;hypoth\u00e8que et la propri\u00e9t\u00e9 \u00e0 bail avant de souligner que toutes ces transactions ont trouv\u00e9 des solutions islamiques.<\/p>\n<p>De son c\u00f4t\u00e9, Cheikh Mohameden Ould Hemeine a d\u00e9montr\u00e9 la grande r\u00e9putation scientifique du savant Cheikh Abdoulahy Ould Boye et son r\u00f4le dans la diffusion des connaissances \u00e0 travers ses nombreux \u00e9crits qui le hissent au rang du r\u00e9novateur de l\u2019\u00e9poque.<\/p>\n<p>Le Dr. Sidi Ould Bah a, pour sa part, pr\u00e9sent\u00e9 le Forum pour la promotion de la paix dans les soci\u00e9t\u00e9s musulmanes et son r\u00f4le dans l&#8217;am\u00e9lioration de l&#8217;image de l&#8217;islam et des musulmans apr\u00e8s les guerres et les crises dans le Monde islamique, en particulier apr\u00e8s les attentats terroristes aux \u00c9tats-Unis d&#8217;Am\u00e9rique perp\u00e9tr\u00e9s par des extr\u00e9mistes qui ont nui \u00e0 l&#8217;islam et aux musulmans.<\/p>\n<p>Il a ajout\u00e9 que l&#8217;\u00e9rudit Cheikh Abdallahi Ould Boye a entrepris cette mission afin de montrer l&#8217;image r\u00e9elle de l&#8217;islam tol\u00e9rant \u00e0 travers deux importants documents: \u2018\u2019la D\u00e9claration de Marrakech\u2019\u2019 et l&#8217;Alliance dite &#8221;Hilf El Voudoul&#8221;.<\/p>\n","protected":false},"excerpt":{"rendered":"<p>Le Forum pour la promotion de la paix dans les soci\u00e9t\u00e9s musulmanes pr\u00e9sid\u00e9 par le savant Cheikh Abdallahi Ould Boye a organis\u00e9 dimanche soir \u00e0 Nouakchott un colloque sur son livre &#8220;Aspect des finalit\u00e9s du Fikh&#8221;<\/p>\n","protected":false},"author":1,"featured_media":175567,"comment_status":"closed","ping_status":"closed","sticky":false,"template":"","format":"standard","meta":{"footnotes":""},"categories":[104],"tags":[62476,62753],"class_list":["post-80718","post","type-post","status-publish","format-standard","has-post-thumbnail","hentry","category-104","tag-nouakchott","tag-rabani"],"_links":{"self":[{"href":"https:\/\/ami.mr\/fr\/wp-json\/wp\/v2\/posts\/80718","targetHints":{"allow":["GET"]}}],"collection":[{"href":"https:\/\/ami.mr\/fr\/wp-json\/wp\/v2\/posts"}],"about":[{"href":"https:\/\/ami.mr\/fr\/wp-json\/wp\/v2\/types\/post"}],"author":[{"embeddable":true,"href":"https:\/\/ami.mr\/fr\/wp-json\/wp\/v2\/users\/1"}],"replies":[{"embeddable":true,"href":"https:\/\/ami.mr\/fr\/wp-json\/wp\/v2\/comments?post=80718"}],"version-history":[{"count":1,"href":"https:\/\/ami.mr\/fr\/wp-json\/wp\/v2\/posts\/80718\/revisions"}],"predecessor-version":[{"id":175566,"href":"https:\/\/ami.mr\/fr\/wp-json\/wp\/v2\/posts\/80718\/revisions\/175566"}],"wp:featuredmedia":[{"embeddable":true,"href":"https:\/\/ami.mr\/fr\/wp-json\/wp\/v2\/media\/175567"}],"wp:attachment":[{"href":"https:\/\/ami.mr\/fr\/wp-json\/wp\/v2\/media?parent=80718"}],"wp:term":[{"taxonomy":"category","embeddable":true,"href":"https:\/\/ami.mr\/fr\/wp-json\/wp\/v2\/categories?post=80718"},{"taxonomy":"post_tag","embeddable":true,"href":"https:\/\/ami.mr\/fr\/wp-json\/wp\/v2\/tags?post=80718"}],"curies":[{"name":"wp","href":"https:\/\/api.w.org\/{rel}","templated":true}]}}