{"id":80716,"date":"2020-01-13T10:41:19","date_gmt":"2020-01-13T10:41:19","guid":{"rendered":"http:\/\/192.168.64.2\/fr\/index.php\/2020\/01\/13\/depart-du-president-de-la-republique-pour-la-france-2\/"},"modified":"2022-07-04T23:42:55","modified_gmt":"2022-07-04T23:42:55","slug":"depart-du-president-de-la-republique-pour-la-france-2","status":"publish","type":"post","link":"https:\/\/ami.mr\/fr\/archives\/80716","title":{"rendered":"D\u00e9part du Pr\u00e9sident de la R\u00e9publique pour la France"},"content":{"rendered":"<p>Le Pr\u00e9sident de la R\u00e9publique, Son Excellence Monsieur Mohamed Ould Cheikh El Ghazaouni a quitt\u00e9 Nouakchott lundi matin pour la France o\u00f9 il prendra part au sommet des 5 pays du Sahel et la France, qui se tiendra \u00e0 Pau.<\/p>\n<p>Le Pr\u00e9sident de la R\u00e9publique a \u00e9t\u00e9 salu\u00e9 \u00e0 son d\u00e9part de l\u2019a\u00e9roport international de Nouakchott Oumtounsy par le Premier ministre, M. Ismail Ould Bedde Ould Cheikh Sidiya , les ministres de la Justice, de l\u2019Int\u00e9rieur et de la D\u00e9centralisation, le wali de Nouakchott ouest et la pr\u00e9sidente du conseil r\u00e9gional de Nouakchott.<\/p>\n<p>Les sp\u00e9cialistes internationaux en mati\u00e8re de s\u00e9curit\u00e9 consid\u00e8rent le Pr\u00e9sident de la R\u00e9publique Monsieur Mohamed Ould Cheikh El Ghazaouni comme un sp\u00e9cialistes des probl\u00e9matiques de s\u00e9curit\u00e9 au niveau du Sahel et du Sahara.<\/p>\n<p>Ils justifient cela par les efforts importants d\u00e9ploy\u00e9s par la Mauritanie pour jeter les bases de la paix et de la s\u00e9curit\u00e9 dans le pays et dans la zone, suite \u00e0 une approche s\u00e9curitaire multidimensionnelle salu\u00e9e par tous pour son efficience et ses r\u00e9sultats probants.<\/p>\n<p>La France a annonc\u00e9 que le sommet de Pau qui r\u00e9unira les pr\u00e9sidents du G5 Sahel mauritanien Mohamed Ould Cheikh El Ghazouani ; tchadien, Idriss D\u00e9by Itno ; nig\u00e9rien, Mahamadou Issoufou ; malien, Ibrahim Boubacar Keita et Burkinab\u00e9, Christian Kabor\u00e9 et le Pr\u00e9sident fran\u00e7ais Emmanuel Macron ce lundi apr\u00e8s-midi \u00e0 Pau avec le secr\u00e9taire g\u00e9n\u00e9ral des Nations unies Antonio Guterres, le pr\u00e9sident de la Commission de l&#8217;Union africaine Moussa Faki et le pr\u00e9sident du Conseil europ\u00e9en, Charles Michel va r\u00e9\u00e9valuer le cadre et les objectifs de la participation militaire fran\u00e7aise dans la zone du Sahel et jeter les bases du renforcement de l\u2019appui international aux pays du Sahel.<\/p>\n<p>Le sommet avait \u00e9t\u00e9 report\u00e9 en raison d&#8217;une attaque qui avait co\u00fbt\u00e9 la vie \u00e0 71 soldats nig\u00e9riens. C&#8217;\u00e9tait alors la plus meurtri\u00e8re depuis 2015.<\/p>\n<p>Une autre attaque encore plus meurtri\u00e8re a \u00e9t\u00e9 commise au Niger hier : 89 soldats ont \u00e9t\u00e9 tu\u00e9s dans le camp de Chin\u00e9godar, pr\u00e8s du Mali.<\/p>\n<p>La France est d&#8217;ailleurs en train de mettre sur pied une op\u00e9ration baptis\u00e9e &#8220;Tacouba&#8221;, r\u00e9unissant des forces sp\u00e9ciales d&#8217;une dizaine de pays europ\u00e9ens.<\/p>\n<p>Depuis le lancement en 2013 d&#8217;une intervention au Mali \u00e0 l&#8217;initiative de la France contre des groupes djihadistes, les pays du Sahel ont connu une s\u00e9rie de d\u00e9ploiements et de missions militaires, r\u00e9gionales ou internationales : les forces fran\u00e7aises Barkhane, la plus importante op\u00e9ration ext\u00e9rieure de l&#8217;arm\u00e9e fran\u00e7aise, avec environ 4.500 militaires mobilis\u00e9s soutenus par, un d\u00e9tachement d&#8217;une centaine de Britanniques et leurs trois h\u00e9licopt\u00e8res lourds &#8220;Chinook&#8221; et par un appui danois de 70 hommes en mati\u00e8re de soutien logistique..<\/p>\n<p>A cela s\u2019ajoute la mission de l\u2019ONU d\u00e9ploy\u00e9e depuis juillet 2013 avec un effectif d&#8217;environ 13 000 Casques bleus en plus de la Mission internationale de soutien au Mali (Misma) form\u00e9e par les pays de la C\u00e9d\u00e9ao et la Force conjointe du G5 Sahel cr\u00e9\u00e9e en 2015 par les dirigeants de ce groupe qui r\u00e9activent leur projet en 2017.<\/p>\n<p>En novembre 2015, les dirigeants de l&#8217;organisation G5 Sahel (Mauritanie, Mali, Niger, Burkina Faso et Tchad) r\u00e9unis en sommet d\u00e9cident de cr\u00e9er une force conjointe pour lutter contre les groupes djihadistes qui essaiment dans la r\u00e9gion.<\/p>\n<p>Face \u00e0 la d\u00e9gradation de la situation dans le centre du Mali, limitrophe du Burkina Faso et du Niger, gagn\u00e9s \u00e0 leur tour par les violences, ils r\u00e9activent le projet en 2017.<\/p>\n<p>Le pr\u00e9sident fran\u00e7ais Emmanuel Macron a apport\u00e9 son soutien \u00e0 cette initiative, Paris y voyant un possible mod\u00e8le de prise en main par les Etats africains de leur propre s\u00e9curit\u00e9.<\/p>\n<p>Monsieur Mohamed Ould Cheikh El Ghazaouni est accompagn\u00e9, au cours de ce voyage par une importante d\u00e9l\u00e9gation comprenant :<\/p>\n<p>-La Premi\u00e8re Dame, Mariem Mint Dah ;<\/p>\n<p>-M. Ismail Ould Cheikh Ahmed, ministre des Affaires \u00e9trang\u00e8res, de la Coop\u00e9ration et des Mauritaniens de l\u2019Ext\u00e9rieur ;<\/p>\n<p>-M. Hanena Ould Sidi, ministre de la d\u00e9fense nationale ;<\/p>\n<p>-M. Mohamed Ahmed Ould Mohamed Lemine, directeur de cabinet du Pr\u00e9sident de la R\u00e9publique ;<\/p>\n<p>-SEM Ahmed Ould Bahiya, ambassadeur de Mauritanie aupr\u00e8s de la France<\/p>\n<p>-Le g\u00e9n\u00e9ral de division Mohamed Cheikh Ould Mohamed Lemine, chef d\u2019\u00e9tat-major g\u00e9n\u00e9ral des arm\u00e9es ;<\/p>\n<p>-M. Ahmed Ould Bah dit H\u2019hme\u00efda, conseiller \u00e0 la Pr\u00e9sidence de la R\u00e9publique ;<\/p>\n<p>-M. Ahmed Ould Bahine, charg\u00e9 de mission \u00e0 la Pr\u00e9sidence de la R\u00e9publique ;<\/p>\n<p>-M. Mohamed Lemine Ould Daddah, charg\u00e9 de mission \u00e0 la Pr\u00e9sidence de la R\u00e9publique ;<\/p>\n<p>M. Traor\u00e9 Harouna, charg\u00e9 de mission \u00e0 la Pr\u00e9sidence de la R\u00e9publique ;<\/p>\n<p>-M. Hassen Ould Ahmed, directeur g\u00e9n\u00e9ral du protocole d\u2019Etat.<\/p>\n","protected":false},"excerpt":{"rendered":"<p>Le Pr\u00e9sident de la R\u00e9publique, Son Excellence Monsieur Mohamed Ould Cheikh El Ghazaouni a quitt\u00e9 Nouakchott lundi matin pour la France o\u00f9 il prendra part au sommet des 5 pays du Sahel et la France, qui se tiendra \u00e0 Pau<\/p>\n","protected":false},"author":1,"featured_media":175565,"comment_status":"closed","ping_status":"closed","sticky":false,"template":"","format":"standard","meta":{"footnotes":""},"categories":[],"tags":[63991,62476,62753],"class_list":["post-80716","post","type-post","status-publish","format-standard","has-post-thumbnail","hentry","tag-activites-presidentielles","tag-nouakchott","tag-rabani"],"_links":{"self":[{"href":"https:\/\/ami.mr\/fr\/wp-json\/wp\/v2\/posts\/80716","targetHints":{"allow":["GET"]}}],"collection":[{"href":"https:\/\/ami.mr\/fr\/wp-json\/wp\/v2\/posts"}],"about":[{"href":"https:\/\/ami.mr\/fr\/wp-json\/wp\/v2\/types\/post"}],"author":[{"embeddable":true,"href":"https:\/\/ami.mr\/fr\/wp-json\/wp\/v2\/users\/1"}],"replies":[{"embeddable":true,"href":"https:\/\/ami.mr\/fr\/wp-json\/wp\/v2\/comments?post=80716"}],"version-history":[{"count":1,"href":"https:\/\/ami.mr\/fr\/wp-json\/wp\/v2\/posts\/80716\/revisions"}],"predecessor-version":[{"id":175564,"href":"https:\/\/ami.mr\/fr\/wp-json\/wp\/v2\/posts\/80716\/revisions\/175564"}],"wp:featuredmedia":[{"embeddable":true,"href":"https:\/\/ami.mr\/fr\/wp-json\/wp\/v2\/media\/175565"}],"wp:attachment":[{"href":"https:\/\/ami.mr\/fr\/wp-json\/wp\/v2\/media?parent=80716"}],"wp:term":[{"taxonomy":"category","embeddable":true,"href":"https:\/\/ami.mr\/fr\/wp-json\/wp\/v2\/categories?post=80716"},{"taxonomy":"post_tag","embeddable":true,"href":"https:\/\/ami.mr\/fr\/wp-json\/wp\/v2\/tags?post=80716"}],"curies":[{"name":"wp","href":"https:\/\/api.w.org\/{rel}","templated":true}]}}