{"id":80710,"date":"2020-01-12T17:56:10","date_gmt":"2020-01-12T17:56:10","guid":{"rendered":"http:\/\/192.168.64.2\/fr\/index.php\/2020\/01\/12\/debut-a-nouakchott-dun-concours-supplementaire-des-prestataires-de-services-educatifs\/"},"modified":"2022-07-04T23:42:44","modified_gmt":"2022-07-04T23:42:44","slug":"debut-a-nouakchott-dun-concours-supplementaire-des-prestataires-de-services-educatifs","status":"publish","type":"post","link":"https:\/\/ami.mr\/fr\/archives\/80710","title":{"rendered":"D\u00e9but \u00e0 Nouakchott d&#8217;un concours suppl\u00e9mentaire des prestataires de services \u00e9ducatifs"},"content":{"rendered":"<p>Les \u00e9preuves du concours suppl\u00e9mentaire des prestataires de services \u00e9ducatifs pour choisir 880 enseignants de fran\u00e7ais et bilingues et 500 professeurs de fran\u00e7ais et des math\u00e9matiques parmi les 1947 candidats ont d\u00e9but\u00e9 dimanche \u00e0 Nouakchott.<\/p>\n<p>Pour s\u2019informer sur le d\u00e9roulement des \u00e9preuves et la m\u00e9thodologie appliqu\u00e9e pour assurer la supervision et la surveillance, les secr\u00e9taires g\u00e9n\u00e9raux par int\u00e9rim des minist\u00e8res de l\u2019Enseignement fondamental et de la r\u00e9forme de l\u2019\u00c9ducation nationale et l\u2019Enseignement secondaire et de la formation technique et professionnelle respectivement M. Mohamed Lemine Ould Mohamed Abdella Ould El Bane et Mohameden El Ghadi El Adil ont effectu\u00e9 des visites aux centres d\u2019examen de l\u2019\u00e9cole d\u2019application et le coll\u00e8ge des jeunes filles.<\/p>\n<p>A l\u2019issue des visites ils ont d\u00e9clar\u00e9 au reporter de l\u2019AMI qu\u2019elles leur ont permis de voir de pr\u00e8s le d\u00e9roulement des \u00e9preuves et de rechercher des solutions aux probl\u00e8mes qui peuvent \u00e9ventuellement \u00eatre pos\u00e9s.<\/p>\n<p>Les secr\u00e9taires g\u00e9n\u00e9raux par int\u00e9rim ont pr\u00e9cis\u00e9 que le concours rev\u00eat une grande importance parce qu\u2019il permettra de combler le manque constat\u00e9 de professeurs et d\u2019enseignants. Ils aussi pr\u00e9cis\u00e9 que les deux d\u00e9partements avaient auparavant organis\u00e9 un concours similaire qui a permis de s\u00e9lectionner des enseignants et des professeurs comp\u00e9tents qui ont \u00e9t\u00e9 form\u00e9s sur les meilleurs m\u00e9thodes et les comp\u00e9tences p\u00e9dagogiques leur permettant de mener \u00e0 bien leur mission avant leur affectation dans les wilayas du pays.<\/p>\n<p>Les visites se sont d\u00e9roul\u00e9es en pr\u00e9sence du wali mou\u00e7aid de Nouakchott ouest.<\/p>\n","protected":false},"excerpt":{"rendered":"<p>Les \u00e9preuves du concours suppl\u00e9mentaire des prestataires de services \u00e9ducatifs pour choisir 880 enseignants de fran\u00e7ais et bilingues et 500 professeurs de fran\u00e7ais et des math\u00e9matiques parmi les 1947 candidats ont d\u00e9but\u00e9 dimanche \u00e0 Nouakchott<\/p>\n","protected":false},"author":1,"featured_media":175559,"comment_status":"closed","ping_status":"closed","sticky":false,"template":"","format":"standard","meta":{"footnotes":""},"categories":[],"tags":[63990,63367,62476],"class_list":["post-80710","post","type-post","status-publish","format-standard","has-post-thumbnail","hentry","tag-activites-gouvernementales","tag-moctar","tag-nouakchott"],"_links":{"self":[{"href":"https:\/\/ami.mr\/fr\/wp-json\/wp\/v2\/posts\/80710","targetHints":{"allow":["GET"]}}],"collection":[{"href":"https:\/\/ami.mr\/fr\/wp-json\/wp\/v2\/posts"}],"about":[{"href":"https:\/\/ami.mr\/fr\/wp-json\/wp\/v2\/types\/post"}],"author":[{"embeddable":true,"href":"https:\/\/ami.mr\/fr\/wp-json\/wp\/v2\/users\/1"}],"replies":[{"embeddable":true,"href":"https:\/\/ami.mr\/fr\/wp-json\/wp\/v2\/comments?post=80710"}],"version-history":[{"count":1,"href":"https:\/\/ami.mr\/fr\/wp-json\/wp\/v2\/posts\/80710\/revisions"}],"predecessor-version":[{"id":175558,"href":"https:\/\/ami.mr\/fr\/wp-json\/wp\/v2\/posts\/80710\/revisions\/175558"}],"wp:featuredmedia":[{"embeddable":true,"href":"https:\/\/ami.mr\/fr\/wp-json\/wp\/v2\/media\/175559"}],"wp:attachment":[{"href":"https:\/\/ami.mr\/fr\/wp-json\/wp\/v2\/media?parent=80710"}],"wp:term":[{"taxonomy":"category","embeddable":true,"href":"https:\/\/ami.mr\/fr\/wp-json\/wp\/v2\/categories?post=80710"},{"taxonomy":"post_tag","embeddable":true,"href":"https:\/\/ami.mr\/fr\/wp-json\/wp\/v2\/tags?post=80710"}],"curies":[{"name":"wp","href":"https:\/\/api.w.org\/{rel}","templated":true}]}}