{"id":80709,"date":"2020-01-12T15:57:26","date_gmt":"2020-01-12T15:57:26","guid":{"rendered":"http:\/\/192.168.64.2\/fr\/index.php\/2020\/01\/12\/le-reseau-regional-des-associations-de-jeunes-de-linchiri-organise-la-deuxieme-edition-de-son-festival-culturel\/"},"modified":"2022-07-04T23:42:44","modified_gmt":"2022-07-04T23:42:44","slug":"le-reseau-regional-des-associations-de-jeunes-de-linchiri-organise-la-deuxieme-edition-de-son-festival-culturel","status":"publish","type":"post","link":"https:\/\/ami.mr\/fr\/archives\/80709","title":{"rendered":"Le R\u00e9seau R\u00e9gional des Associations de Jeunes de l\u2019Inchiri organise la deuxi\u00e8me \u00e9dition de son festival culturel"},"content":{"rendered":"<p>La deuxi\u00e8me \u00e9dition du Festival culturel et de jeunesse organis\u00e9 par le R\u00e9seau r\u00e9gional des associations de jeunes de L\u2018Inchiri a \u00e9t\u00e9 lanc\u00e9 samedi soir \u00e0 Akjoujt sous le th\u00e8me &#8220;Volontaire pour la cr\u00e9ativit\u00e9 et l&#8217;innovation\u2019\u2019.<\/p>\n<p>L&#8217;ouverture de ce festival de trois jours a \u00e9t\u00e9 marqu\u00e9e par les \u00e9loges du Saint Proph\u00e8te, des r\u00e9citals de po\u00e9sie populaire et des sketches qui traitent du danger de la drogue pour la soci\u00e9t\u00e9.<\/p>\n<p>Le programme de la deuxi\u00e8me \u00e9dition de cette manifestation culturelle et sportive annuelle, comporte, en plus des activit\u00e9s culturelles et de jeunesse, des comp\u00e9titions de football et de p\u00e9tanque.<\/p>\n<p>Dans un mot pour la circonstance, M. Mohamedou Ould Baba Ould Sidi Meila, directeur du cabinet du wali de l\u2019Inchiri, a exprim\u00e9 les remerciements des autorit\u00e9s r\u00e9gionales, relevant combien elles appr\u00e9cient l\u2019action du R\u00e9seau r\u00e9gional de la jeunesse pour l&#8217;organisation de ce genre de manifestations culturelles et sportives qui ont des r\u00e9percussions positives sur la vie des jeunes et sur leur avenir et qui leur rappelle leur devoir national et pr\u00e9munit cette frange contre les d\u00e9rapages et notamment contre le risque de tomber dans l\u2019engrenage de la drogue.<\/p>\n<p>Le maire de la commune d\u2019Akjoujt, M. Ahmed Ould Yacoub, a mis en relief cette initiative soutenue par la municipalit\u00e9 et la soci\u00e9t\u00e9 des Mines de Cuivre d\u2019Akjoujt dont l\u2019objectif est de permettre aux jeunes de la cit\u00e9 de jouer pleinement leur r\u00f4le dans tous les domaines et de r\u00e9aliser leurs aspirations l\u00e9gitimes.<\/p>\n<p>Le pr\u00e9sident du r\u00e9seau des associations de jeunes d\u2019Akjoujt, M. El Mamy Ould Brahim, a su gr\u00e9 \u00e0 tous les jeunes qui ont contribu\u00e9 au succ\u00e8s de ces deux \u00e9ditions de cette manifestation p\u00e9riodique, r\u00e9affirmant le souci des jeunes de la wilaya de prendre part \u00e0 son d\u00e9veloppement \u00e0 tous les niveaux.<\/p>\n<p>L\u2019ouverture s\u2019est d\u00e9roul\u00e9e en pr\u00e9sence des autorit\u00e9s administratives, des \u00e9lus, du d\u00e9l\u00e9gu\u00e9 r\u00e9gional du minist\u00e8re de l\u2019emploi, de la jeunesse et des sports dans la wilaya, M. Nacer Ould Dhou Noureine et d\u2019un public nombreux.<\/p>\n","protected":false},"excerpt":{"rendered":"<p>La deuxi\u00e8me \u00e9dition du Festival culturel et de jeunesse organis\u00e9 par le R\u00e9seau r\u00e9gional des associations de jeunes de L\u2018Inchiri a \u00e9t\u00e9 lanc\u00e9 samedi soir \u00e0 Akjoujt sous le th\u00e8me &#8220;Volontaire pour la cr\u00e9ativit\u00e9 et l&#8217;innovation\u2019\u2019<\/p>\n","protected":false},"author":1,"featured_media":0,"comment_status":"closed","ping_status":"closed","sticky":false,"template":"","format":"standard","meta":{"footnotes":""},"categories":[8672],"tags":[62485,62753],"class_list":["post-80709","post","type-post","status-publish","format-standard","hentry","category-8672","tag-akjoujt","tag-rabani"],"_links":{"self":[{"href":"https:\/\/ami.mr\/fr\/wp-json\/wp\/v2\/posts\/80709","targetHints":{"allow":["GET"]}}],"collection":[{"href":"https:\/\/ami.mr\/fr\/wp-json\/wp\/v2\/posts"}],"about":[{"href":"https:\/\/ami.mr\/fr\/wp-json\/wp\/v2\/types\/post"}],"author":[{"embeddable":true,"href":"https:\/\/ami.mr\/fr\/wp-json\/wp\/v2\/users\/1"}],"replies":[{"embeddable":true,"href":"https:\/\/ami.mr\/fr\/wp-json\/wp\/v2\/comments?post=80709"}],"version-history":[{"count":1,"href":"https:\/\/ami.mr\/fr\/wp-json\/wp\/v2\/posts\/80709\/revisions"}],"predecessor-version":[{"id":175557,"href":"https:\/\/ami.mr\/fr\/wp-json\/wp\/v2\/posts\/80709\/revisions\/175557"}],"wp:attachment":[{"href":"https:\/\/ami.mr\/fr\/wp-json\/wp\/v2\/media?parent=80709"}],"wp:term":[{"taxonomy":"category","embeddable":true,"href":"https:\/\/ami.mr\/fr\/wp-json\/wp\/v2\/categories?post=80709"},{"taxonomy":"post_tag","embeddable":true,"href":"https:\/\/ami.mr\/fr\/wp-json\/wp\/v2\/tags?post=80709"}],"curies":[{"name":"wp","href":"https:\/\/api.w.org\/{rel}","templated":true}]}}