{"id":80707,"date":"2020-01-12T15:29:55","date_gmt":"2020-01-12T15:29:55","guid":{"rendered":"http:\/\/192.168.64.2\/fr\/index.php\/2020\/01\/12\/le-premier-ministre-recoit-le-ministre-des-affaires-etrangeres-congolais\/"},"modified":"2022-07-04T23:42:40","modified_gmt":"2022-07-04T23:42:40","slug":"le-premier-ministre-recoit-le-ministre-des-affaires-etrangeres-congolais","status":"publish","type":"post","link":"https:\/\/ami.mr\/fr\/archives\/80707","title":{"rendered":"Le Premier ministre re\u00e7oit le ministre des affaires \u00e9trang\u00e8res congolais"},"content":{"rendered":"<p>Le Premier ministre, M. Ismail Bedda Cheikh Sidiya a re\u00e7u dimanche dans son bureau \u00e0 la Primature \u00e0 Nouakchott M. Jean Claude Gakosso, ministre des affaires \u00e9trang\u00e8res, de la coop\u00e9ration et des congolais de l\u2019\u00e9tranger de la R\u00e9publique du Congo, envoy\u00e9 sp\u00e9cial du Pr\u00e9sident Denis Sassou Nguesso..<\/p>\n<p>A sa sortie d\u2019audience l\u2019h\u00f4te congolais a fait une d\u00e9claration \u00e0 l\u2019Agence Mauritanienne d\u2019Information dans laquelle il a soulign\u00e9 que &#8220;la situation en Libye \u2013 nous le savons tous &#8211; est entr\u00e9e dans un tournant tr\u00e8s inqui\u00e9tant. Et nous savons pourquoi&#8221;.<\/p>\n<p>Il y a, poursuit-il, &#8220;un tr\u00e8s gros risque d\u2019internationalisation du conflit libyen comme si le peuple libyen n\u2019avait pas d\u00e9j\u00e0 assez souffert et l\u2019Afrique doit parler d\u2019une seule et m\u00eame voix et se faire entendre dans le concert des Nations puisqu\u2019il y a d\u00e9j\u00e0 un processus qui est pilot\u00e9 par les Nations Unies, repr\u00e9sent\u00e9es par M. Ghassam Salam\u00e9&#8221;.<\/p>\n<p>Et d&#8217;ajouter: &#8220;il y a un sommet qui se profile en Allemagne, \u00e0 Berlin. L\u2019Afrique ne peut pas rester en marge de ces \u00e9volutions ; l\u2019Afrique qui est concern\u00e9e au premier chef, puisque la Libye est un pays africain et la Libye est membre fondateur de l\u2019Union Africaine. L\u2019Afrique ne peut pas rester les bras crois\u00e9s&#8221;.<\/p>\n<p>&#8220;M. Denis Sassou Nguesso, que l\u2019Union Africaine a responsabilis\u00e9 voici trois ans pour pr\u00e9sider le Comit\u00e9 de haut niveau pr\u00e9cis\u00e9ment sur la crise en Libye, invite ses pairs du Comit\u00e9 \u00e0 se retrouver \u00e0 Brazzaville le 25 janvier pour formuler des propositions de sortie de crise allant dans le sens d\u2019une r\u00e9conciliation des forces libyennes, des fr\u00e8res libyens, puisqu\u2019on ne peut pas envisager d\u2019aller \u00e0 des \u00e9lections g\u00e9n\u00e9rales tant qu\u2019il n\u2019y a pas l\u2019apaisement, tant qu\u2019il n\u2019y a pas un minimum de r\u00e9conciliation entre les libyens&#8221;.<\/p>\n<p>Enfin, l&#8217;\u00e9missaire congolais a conclu en disant \u00eatre venu \u00e0 Nouakchott porteur d\u2019une invitation \u00e0 Son Excellence Monsieur le Pr\u00e9sident Mohamed Ould Cheikh El Ghazouani de la part de son fr\u00e8re, le Pr\u00e9sident Denis Sassou Nguesso, \u00e0 se rendre \u00e0 Brazzaville en vue de participer au sommet du 25 janvier.<\/p>\n","protected":false},"excerpt":{"rendered":"<p>Le Premier ministre, M. Ismail Bedda Cheikh Sidiya a re\u00e7u dimanche dans son bureau \u00e0 la Primature \u00e0 Nouakchott M. Jean Claude Gakosso, ministre des affaires \u00e9trang\u00e8res, de la coop\u00e9ration et des congolais de l\u2019\u00e9tranger de la R\u00e9publique du Congo, envoy\u00e9 sp\u00e9<\/p>\n","protected":false},"author":1,"featured_media":175556,"comment_status":"closed","ping_status":"closed","sticky":false,"template":"","format":"standard","meta":{"footnotes":""},"categories":[],"tags":[63990,62476,62753],"class_list":["post-80707","post","type-post","status-publish","format-standard","has-post-thumbnail","hentry","tag-activites-gouvernementales","tag-nouakchott","tag-rabani"],"_links":{"self":[{"href":"https:\/\/ami.mr\/fr\/wp-json\/wp\/v2\/posts\/80707","targetHints":{"allow":["GET"]}}],"collection":[{"href":"https:\/\/ami.mr\/fr\/wp-json\/wp\/v2\/posts"}],"about":[{"href":"https:\/\/ami.mr\/fr\/wp-json\/wp\/v2\/types\/post"}],"author":[{"embeddable":true,"href":"https:\/\/ami.mr\/fr\/wp-json\/wp\/v2\/users\/1"}],"replies":[{"embeddable":true,"href":"https:\/\/ami.mr\/fr\/wp-json\/wp\/v2\/comments?post=80707"}],"version-history":[{"count":1,"href":"https:\/\/ami.mr\/fr\/wp-json\/wp\/v2\/posts\/80707\/revisions"}],"predecessor-version":[{"id":175555,"href":"https:\/\/ami.mr\/fr\/wp-json\/wp\/v2\/posts\/80707\/revisions\/175555"}],"wp:featuredmedia":[{"embeddable":true,"href":"https:\/\/ami.mr\/fr\/wp-json\/wp\/v2\/media\/175556"}],"wp:attachment":[{"href":"https:\/\/ami.mr\/fr\/wp-json\/wp\/v2\/media?parent=80707"}],"wp:term":[{"taxonomy":"category","embeddable":true,"href":"https:\/\/ami.mr\/fr\/wp-json\/wp\/v2\/categories?post=80707"},{"taxonomy":"post_tag","embeddable":true,"href":"https:\/\/ami.mr\/fr\/wp-json\/wp\/v2\/tags?post=80707"}],"curies":[{"name":"wp","href":"https:\/\/api.w.org\/{rel}","templated":true}]}}