{"id":77661,"date":"2019-09-14T13:39:38","date_gmt":"2019-09-14T13:39:38","guid":{"rendered":"http:\/\/192.168.64.2\/fr\/index.php\/2019\/09\/14\/demarrage-de-la-conference-de-la-cedeao-sur-le-terrorisme-en-presence-du-president-de-la-republique\/"},"modified":"2022-07-04T22:07:52","modified_gmt":"2022-07-04T22:07:52","slug":"demarrage-de-la-conference-de-la-cedeao-sur-le-terrorisme-en-presence-du-president-de-la-republique","status":"publish","type":"post","link":"https:\/\/ami.mr\/fr\/archives\/77661","title":{"rendered":"D\u00e9marrage de la conf\u00e9rence de la CEDEAO sur le terrorisme en pr\u00e9sence du Pr\u00e9sident de la R\u00e9publique"},"content":{"rendered":"<p>Les travaux du sommet de Communaut\u00e9 \u00e9conomique des \u00c9tats de l\u2019Afrique de l\u2019Ouest (C\u00e9d\u00e9ao) \u00e9largi \u00e0 la Mauritanie, au Cameroun et au Tchad, et en pr\u00e9sence d\u2019invit\u00e9s du Maroc, de l&#8217;Alg\u00e9rie, des Emirats Arabes Unis, de l\u2019Allemagne, de la France, des Etats Unis d\u2019Am\u00e9rique, de l\u2019Union europ\u00e9enne et des Nations Unies, ont d\u00e9marr\u00e9 samedi \u00e0 Ouagadougou, capitale de la r\u00e9publique du Burkina Faso.<\/p>\n<p>Le Pr\u00e9sident de la R\u00e9publique, Monsieur Mohamed Ould Cheikh El Ghazouani et la plupart de ses pairs des Etats membres du G5-Sahel et de la CEDEAO et leurs repr\u00e9sentants participent \u00e0 ce sommet.<\/p>\n<p>La c\u00e9r\u00e9monie d\u2019ouverture a commenc\u00e9 par l\u2019hymne national de la CEDEAO et la prise d\u2019une photo de famille des chefs d\u2019Etat.<\/p>\n<p>L\u2019organisation des sommets du G5-Sahel et de la CEDEAO dans la m\u00eame ville et presque un m\u00eame temps se base sur une nouvelle vision de la s\u00e9curit\u00e9 collective \u00e0 travers de laquelle les partenaires cherchent \u00e0 associer les pays du Golfe de Guin\u00e9e, menac\u00e9s par le danger du terrorisme, dans la lutte contre ce fl\u00e9au suivant une formule qui sera d\u00e9termin\u00e9e lors de la rencontre.<\/p>\n<p>Dans un mot de bienvenue prononc\u00e9 \u00e0 cette occasion, le Pr\u00e9sident du Burkina Faso, Monsieur Rock Christian Mark Kabor\u00e9, a indiqu\u00e9 que le sommet extraordinaire de la CEDEAO sur le terrorisme sera une opportunit\u00e9 pour prendre des mesures fortes dans cette zone g\u00e9ographique afin d\u2019envoyer des messages clairs visant \u00e0 \u00e9radiquer le terrorisme et \u00e0 cr\u00e9er des conditions appropri\u00e9es de vie d\u00e9cente dans cet espace.<\/p>\n<p>Le Pr\u00e9sident Kabor\u00e9 qui est \u00e9galement le pr\u00e9sident en exerce du G5-Sahel (Burkina Faso, Mali, Mauritanie, Niger et Tchad), a ajout\u00e9 que le terrorisme n\u2019a pas de fronti\u00e8res et que tous les pays de la zone en sont concern\u00e9s, soulignant que ce sommet sera l\u2019occasion de prendre un ensemble de mesures fortes et urgentes pour \u00e9radiquer le terrorisme dans nos pays.<\/p>\n<p>Prenant la parole, le pr\u00e9sident de la commission de la CEDEAO, M. Jean Claude Kassi Brou, a indiqu\u00e9 : \u00ab Nous sommes confiants que ce sommet sera non seulement important, mais il va constituer \u00e9galement un tournant dans la guerre contre le terrorisme dans notre r\u00e9gion. \u00bb<\/p>\n<p>Pronon\u00e7ant le discours d\u2019ouverture du sommet, le Pr\u00e9sident nig\u00e9rien, M. Issoufou Mahamadou, qui assure la pr\u00e9sidente tournante de la CEDEAO, a pass\u00e9 en revue les grandes lignes du plan d\u2019actions de l\u2019organisation et les efforts consentis pour lutter contre le terrorisme en coordination avec ses partenaires.<\/p>\n<p>Il a soulign\u00e9 que le sommet d\u2019Ouagadougou extraordinaire intervient en r\u00e9ponse \u00e0 une recommandation de la derni\u00e8re session ordinaire du sommet des Chefs d\u2019Etats et de gouvernements de la CEDEAO tenu en juin pass\u00e9 \u00e0 Abuja au Nig\u00e9ria.<\/p>\n<p>Pour sa part, le pr\u00e9sident de la commission de l\u2019union africaine, M. Moussa Faki Mouhamatt, a exprim\u00e9 la disponibilit\u00e9 de l\u2019union Africaine (UA) \u00e0 coop\u00e9rer en vue de r\u00e9aliser les objectifs attendus de la lutte contre le terrorisme et le crime organis\u00e9 qui constituent les plus importants handicaps du d\u00e9veloppement du continent.<\/p>\n<p>Par la suite, \u00e0 tour de r\u00f4le, le repr\u00e9sentant sp\u00e9cial du secr\u00e9taire g\u00e9n\u00e9ral des Nations unies pour l\u2019Afrique de l\u2019Ouest et le Sahel, le repr\u00e9sentant sp\u00e9cial de l\u2019UE au Sahel et les repr\u00e9sentants de la France, de l\u2019Allemagne, de l\u2019Alg\u00e9rie, du Maroc et des Etats Unis d\u2019Am\u00e9rique ont pris la parole.<\/p>\n<p>Les repr\u00e9sentants des partenaires ont r\u00e9it\u00e9r\u00e9 dans leurs interventions leur disposition a port\u00e9 davantage d\u2019appuis pour les efforts consentis pour la lutte contre le terrorisme, l\u2019extr\u00e9misme et le crime organis\u00e9 dans l\u2019espace du Sahel et du Sahara.<\/p>\n<p>Les pr\u00e9sidents sont entr\u00e9s par la suite dans une r\u00e9union \u00e0 huis-clos pour l\u2019adoption de l\u2019ordre du jour des travaux du sommet et pour l\u2019examen et l\u2019analyse du rapport de la session extraordinaire du conseil de m\u00e9diation et de s\u00e9curit\u00e9 de la CEDEAO.<\/p>\n<p>Pour rappel la CEDEAO est n\u00e9e en mai 1975 \u00e0 la faveur de la convention de Lagos sign\u00e9es par 15 Etats des Etats de la r\u00e9gion dont notre pays avant qu\u2019il ne s\u2019en retire en 2001.<\/p>\n<p>Les objectifs mentionn\u00e9s par la convention de cr\u00e9ation de la CEDEAO englobent la cr\u00e9ation et l\u2019encouragement de la coop\u00e9ration entre les Etats membres dans tous les domaines de services et de production, en particulier dans ceux de l\u2019industrie, de l\u2019agriculture, de l\u2019\u00e9nergie, des transports, des communications et des \u00e9changes commerciaux en vue d\u2019am\u00e9liorer le niveau de vie et de d\u00e9veloppement des peuples de la r\u00e9gion et du continent africain de fa\u00e7on g\u00e9n\u00e9rale.<\/p>\n<p>La CEDEAO comprend actuellement 14 pays membres qui sont la C\u00f4te d\u2019Ivoire, le B\u00e9nin, le Mali, le Burkina Faso, le S\u00e9n\u00e9gal, le Togo, la Guin\u00e9e Bissau, le Niger, le Nig\u00e9ria, le Lib\u00e9ria, la Sera Leone , la Gambie, le Ghana et le Cap-Vert.<\/p>\n<p>Cet ensemble \u00e9conomique r\u00e9gional compte environ 210 millions d\u2019habitants, soit la quart de la population du continent africain, dont une grande majorit\u00e9 d\u2019agriculteurs. Les pays membres poss\u00e8dent d\u2019immenses potentialit\u00e9s et ressources naturelles et \u00e9conomiques.<\/p>\n","protected":false},"excerpt":{"rendered":"<p>Les travaux du sommet de Communaut\u00e9 \u00e9conomique des \u00c9tats de l\u2019Afrique de l\u2019Ouest (C\u00e9d\u00e9ao) \u00e9largi \u00e0 la Mauritanie, au Cameroun et au Tchad, et en pr\u00e9sence d\u2019invit\u00e9s du Maroc, de l&#8217;Alg\u00e9rie, des Emirats Arabes Unis, de l\u2019Allemagne, de la France, des Etats Un<\/p>\n","protected":false},"author":1,"featured_media":172510,"comment_status":"closed","ping_status":"closed","sticky":false,"template":"","format":"standard","meta":{"footnotes":""},"categories":[],"tags":[63991,62969,63169],"class_list":["post-77661","post","type-post","status-publish","format-standard","has-post-thumbnail","hentry","tag-activites-presidentielles","tag-alya","tag-ouagadougou"],"_links":{"self":[{"href":"https:\/\/ami.mr\/fr\/wp-json\/wp\/v2\/posts\/77661","targetHints":{"allow":["GET"]}}],"collection":[{"href":"https:\/\/ami.mr\/fr\/wp-json\/wp\/v2\/posts"}],"about":[{"href":"https:\/\/ami.mr\/fr\/wp-json\/wp\/v2\/types\/post"}],"author":[{"embeddable":true,"href":"https:\/\/ami.mr\/fr\/wp-json\/wp\/v2\/users\/1"}],"replies":[{"embeddable":true,"href":"https:\/\/ami.mr\/fr\/wp-json\/wp\/v2\/comments?post=77661"}],"version-history":[{"count":1,"href":"https:\/\/ami.mr\/fr\/wp-json\/wp\/v2\/posts\/77661\/revisions"}],"predecessor-version":[{"id":172509,"href":"https:\/\/ami.mr\/fr\/wp-json\/wp\/v2\/posts\/77661\/revisions\/172509"}],"wp:featuredmedia":[{"embeddable":true,"href":"https:\/\/ami.mr\/fr\/wp-json\/wp\/v2\/media\/172510"}],"wp:attachment":[{"href":"https:\/\/ami.mr\/fr\/wp-json\/wp\/v2\/media?parent=77661"}],"wp:term":[{"taxonomy":"category","embeddable":true,"href":"https:\/\/ami.mr\/fr\/wp-json\/wp\/v2\/categories?post=77661"},{"taxonomy":"post_tag","embeddable":true,"href":"https:\/\/ami.mr\/fr\/wp-json\/wp\/v2\/tags?post=77661"}],"curies":[{"name":"wp","href":"https:\/\/api.w.org\/{rel}","templated":true}]}}