{"id":76128,"date":"2019-06-21T00:01:24","date_gmt":"2019-06-21T00:01:24","guid":{"rendered":"http:\/\/192.168.64.2\/fr\/index.php\/2019\/06\/21\/le-candidat-kane-hamidou-baba-cloture-sa-campagne-par-un-meeting-a-nouakchott\/"},"modified":"2022-07-04T21:24:41","modified_gmt":"2022-07-04T21:24:41","slug":"le-candidat-kane-hamidou-baba-cloture-sa-campagne-par-un-meeting-a-nouakchott","status":"publish","type":"post","link":"https:\/\/ami.mr\/fr\/archives\/76128","title":{"rendered":"Le candidat Kane Hamidou Baba cl\u00f4ture sa campagne par un meeting \u00e0 Nouakchott"},"content":{"rendered":"<p>Le candidat Kane Hamidou Baba a cl\u00f4tur\u00e9 jeudi en fin de journ\u00e9e sa campagne par un meeting \u00e0 Nouakchott.<\/p>\n<p>Le candidat a salu\u00e9 dans son mot pour l\u2019occasion les populations de la capitale pour leur pr\u00e9sence \u00e0 ce meeting, louant \u00e0 cet \u00e9gard les habitants des wilayas qu\u2019il a visit\u00e9es pour l\u2019accueil qui lui a \u00e9t\u00e9 r\u00e9serv\u00e9 ainsi qu\u2019\u00e0 la d\u00e9l\u00e9gation qui l\u2019accompagne, relevant le r\u00f4le majeur jou\u00e9 par les jeunes qui repr\u00e9sentent l\u2019avenir du pays et soulignant la dynamique et la vitalit\u00e9 qui a marqu\u00e9 cette jeunesse au cours de cette campagne.<\/p>\n<p>Il a ensuite pass\u00e9 en revue son programme \u00e9lectoral qui, dit-il, pr\u00e9sente des solutions aux probl\u00e8mes dont souffre la Mauritanie, notant dans ce cadre, qu\u2019il \u0153uvrera s\u2019il est \u00e9lu, \u00e0 prendre des mesures urgentes pour traiter le probl\u00e8me de l\u2019endettement qui a atteint des proportions in\u00e9gal\u00e9es, selon lui avant de dire qu\u2019il va travailler pour cr\u00e9er 50 mille opportunit\u00e9s d\u2019emplois chaque ann\u00e9e en faveur des jeunes.<\/p>\n<p>M. Kane a encore relev\u00e9 que son programme propose des augmentations substantielles des salaires des travailleurs et des contractuels et qu&#8217;il va lancer un dialogue social pour traiter les probl\u00e8mes du pays et s&#8217;attellera par ailleurs \u00e0 contribuer \u00e0 renforcer l\u2019unit\u00e9 nationale, \u00e0 ancrer la d\u00e9mocratie et \u00e0 \u00e9difier l\u2019Etat de droit et des institutions qui pr\u00e9serve les droits des citoyens.<\/p>\n<p>Il a invit\u00e9 ses supporters \u00e0 Nouakchott et partout dans le pays mais aussi \u00e0 l\u2019\u00e9tranger de voter samedi pour produire le changement.<\/p>\n","protected":false},"excerpt":{"rendered":"<p>Le candidat Kane Hamidou Baba a cl\u00f4tur\u00e9 jeudi en fin de journ\u00e9e sa campagne par un meeting \u00e0 Nouakchott.<\/p>\n<p>Le candidat a salu\u00e9 dans son mot pour l\u2019occasion les populations de la c<\/p>\n","protected":false},"author":1,"featured_media":0,"comment_status":"closed","ping_status":"closed","sticky":false,"template":"","format":"standard","meta":{"footnotes":""},"categories":[],"tags":[63984,63367,62476],"class_list":["post-76128","post","type-post","status-publish","format-standard","hentry","tag-63984","tag-moctar","tag-nouakchott"],"_links":{"self":[{"href":"https:\/\/ami.mr\/fr\/wp-json\/wp\/v2\/posts\/76128","targetHints":{"allow":["GET"]}}],"collection":[{"href":"https:\/\/ami.mr\/fr\/wp-json\/wp\/v2\/posts"}],"about":[{"href":"https:\/\/ami.mr\/fr\/wp-json\/wp\/v2\/types\/post"}],"author":[{"embeddable":true,"href":"https:\/\/ami.mr\/fr\/wp-json\/wp\/v2\/users\/1"}],"replies":[{"embeddable":true,"href":"https:\/\/ami.mr\/fr\/wp-json\/wp\/v2\/comments?post=76128"}],"version-history":[{"count":1,"href":"https:\/\/ami.mr\/fr\/wp-json\/wp\/v2\/posts\/76128\/revisions"}],"predecessor-version":[{"id":170975,"href":"https:\/\/ami.mr\/fr\/wp-json\/wp\/v2\/posts\/76128\/revisions\/170975"}],"wp:attachment":[{"href":"https:\/\/ami.mr\/fr\/wp-json\/wp\/v2\/media?parent=76128"}],"wp:term":[{"taxonomy":"category","embeddable":true,"href":"https:\/\/ami.mr\/fr\/wp-json\/wp\/v2\/categories?post=76128"},{"taxonomy":"post_tag","embeddable":true,"href":"https:\/\/ami.mr\/fr\/wp-json\/wp\/v2\/tags?post=76128"}],"curies":[{"name":"wp","href":"https:\/\/api.w.org\/{rel}","templated":true}]}}