{"id":76126,"date":"2019-06-20T23:51:06","date_gmt":"2019-06-20T23:51:06","guid":{"rendered":"http:\/\/192.168.64.2\/fr\/index.php\/2019\/06\/20\/le-candidat-mohamed-lemine-el-mourteji-el-wafi-cloture-sa-campagne-electorale-a-partir-de-nouadhibou-2\/"},"modified":"2022-07-04T21:24:37","modified_gmt":"2022-07-04T21:24:37","slug":"le-candidat-mohamed-lemine-el-mourteji-el-wafi-cloture-sa-campagne-electorale-a-partir-de-nouadhibou-2","status":"publish","type":"post","link":"https:\/\/ami.mr\/fr\/archives\/76126","title":{"rendered":"Le candidat Mohamed Lemine El Mourteji El Wafi cl\u00f4ture sa campagne \u00e9lectorale \u00e0 partir de Nouadhibou"},"content":{"rendered":"<p>Le candidat \u00e0 l\u2019\u00e9lection pr\u00e9sidentielle de 2019, M. Mohamed Lemine El Mourteji El Wafi a cl\u00f4tur\u00e9, jeudi soir, sa campagne \u00e9lectorale, \u00e0 partir de Nouadhibou.<\/p>\n<p>S\u2019exprimant pour l\u2019occasion, le candidat a remerci\u00e9 les habitants de Nouadhibou pour l\u2019accueil chaleureux et le d\u00e9fil\u00e9 qu\u2019ils lui ont r\u00e9serv\u00e9s.<\/p>\n<p>Il a ensuite d\u00e9taill\u00e9 les points saillants de son programme \u00e9lectoral qui s\u2019articule sur 99 points traitant les probl\u00e8mes de la sant\u00e9, de l\u2019\u00e9ducation, de la s\u00e9curit\u00e9 et des affaires sociales.<\/p>\n<p>Le candidat a enfin pr\u00e9cis\u00e9 que les potentialit\u00e9s \u00e9conomiques du pays, la p\u00eache, l\u2019\u00e9levage, l\u2019agriculture et les mines sont suffisantes, si elles sont exploit\u00e9es et g\u00e9r\u00e9es de mani\u00e8re rationnelles, pour la r\u00e9solution des probl\u00e8mes constat\u00e9s aux niveaux de la sant\u00e9, de l\u2019\u00e9ducation, de l\u2019habitat, de l\u2019eau et de l\u2019\u00e9lectricit\u00e9.<\/p>\n","protected":false},"excerpt":{"rendered":"<p>Le candidat \u00e0 l\u2019\u00e9lection pr\u00e9sidentielle de 2019, M. Mohamed Lemine El Mourteji El Wafi a cl\u00f4tur\u00e9, jeudi soir, sa campagne \u00e9lectorale, \u00e0 partir de Nouadhibou.<\/p>\n<p>S\u2019exprimant pour l\u2019occasion, le candidat a remerci\u00e9 les habitants de Nouadhibou pour l\u2019accueil<\/p>\n","protected":false},"author":1,"featured_media":170974,"comment_status":"closed","ping_status":"closed","sticky":false,"template":"","format":"standard","meta":{"footnotes":""},"categories":[],"tags":[63367,62482,63993],"class_list":["post-76126","post","type-post","status-publish","format-standard","has-post-thumbnail","hentry","tag-moctar","tag-nouadhibou","tag-politique"],"_links":{"self":[{"href":"https:\/\/ami.mr\/fr\/wp-json\/wp\/v2\/posts\/76126","targetHints":{"allow":["GET"]}}],"collection":[{"href":"https:\/\/ami.mr\/fr\/wp-json\/wp\/v2\/posts"}],"about":[{"href":"https:\/\/ami.mr\/fr\/wp-json\/wp\/v2\/types\/post"}],"author":[{"embeddable":true,"href":"https:\/\/ami.mr\/fr\/wp-json\/wp\/v2\/users\/1"}],"replies":[{"embeddable":true,"href":"https:\/\/ami.mr\/fr\/wp-json\/wp\/v2\/comments?post=76126"}],"version-history":[{"count":1,"href":"https:\/\/ami.mr\/fr\/wp-json\/wp\/v2\/posts\/76126\/revisions"}],"predecessor-version":[{"id":170973,"href":"https:\/\/ami.mr\/fr\/wp-json\/wp\/v2\/posts\/76126\/revisions\/170973"}],"wp:featuredmedia":[{"embeddable":true,"href":"https:\/\/ami.mr\/fr\/wp-json\/wp\/v2\/media\/170974"}],"wp:attachment":[{"href":"https:\/\/ami.mr\/fr\/wp-json\/wp\/v2\/media?parent=76126"}],"wp:term":[{"taxonomy":"category","embeddable":true,"href":"https:\/\/ami.mr\/fr\/wp-json\/wp\/v2\/categories?post=76126"},{"taxonomy":"post_tag","embeddable":true,"href":"https:\/\/ami.mr\/fr\/wp-json\/wp\/v2\/tags?post=76126"}],"curies":[{"name":"wp","href":"https:\/\/api.w.org\/{rel}","templated":true}]}}