{"id":76121,"date":"2019-06-20T23:36:27","date_gmt":"2019-06-20T23:36:27","guid":{"rendered":"http:\/\/192.168.64.2\/fr\/index.php\/2019\/06\/20\/le-candidat-biram-dah-abeid-cloture-sa-campagne-electorale-a-partir-de-nouakchott\/"},"modified":"2022-07-04T21:24:29","modified_gmt":"2022-07-04T21:24:29","slug":"le-candidat-biram-dah-abeid-cloture-sa-campagne-electorale-a-partir-de-nouakchott","status":"publish","type":"post","link":"https:\/\/ami.mr\/fr\/archives\/76121","title":{"rendered":"Le candidat Biram Dah Abeid cl\u00f4ture sa campagne \u00e9lectorale \u00e0 partir de Nouakchott"},"content":{"rendered":"<p>Le candidat \u00e0 l\u2019\u00e9lection pr\u00e9sidentielle de 2019, M. Biram Dah Abeid, a cl\u00f4tur\u00e9 jeudi soir sa campagne \u00e9lectorale, \u00e0 partir de Nouakchott, par un mot de remerciements aux citoyens avec lesquels il a eu des contacts pendant sa tourn\u00e9e dans toutes les wilayas.<\/p>\n<p>Ces citoyens qui lui ont r\u00e9serv\u00e9 des accueils chaleureux et des d\u00e9fil\u00e9s durant son parcourt et lui ont r\u00e9it\u00e9r\u00e9 le rejet de ce r\u00e9gime tyrannique.<\/p>\n<p>Il a ajout\u00e9, au cours d\u2019un meeting de cl\u00f4ture aux environs du mus\u00e9e national, que le changement est irr\u00e9versible pour combattre la discrimination et restaurer un r\u00e9gime d\u00e9mocratique qui veille sur l\u2019int\u00e9r\u00eat des citoyens et chercher \u00e0 promouvoir le pays.<\/p>\n<p>Le candidat a vivement lou\u00e9 la contribution de ses sympathisants d\u2019avoir expliqu\u00e9 son programme \u00e9lectoral et lui cherch\u00e9 le soutien populaire, notant que la presse internationale et les observateurs t\u00e9moignent que le peuple mauritanien adh\u00e8re son programme et sa vision pour la conduite du pays.<\/p>\n<p>Il a enfin mis en garde contre la fraude par le bais de la CENI.<\/p>\n","protected":false},"excerpt":{"rendered":"<p>Le candidat \u00e0 l\u2019\u00e9lection pr\u00e9sidentielle de 2019, M. Biram Dah Abeid, a cl\u00f4tur\u00e9 jeudi soir sa campagne \u00e9lectorale, \u00e0 partir de Nouakchott, par un mot de remerciements aux citoyens avec lesquels il a eu des contacts pendant sa tourn\u00e9e dans toutes les wilaya<\/p>\n","protected":false},"author":1,"featured_media":0,"comment_status":"closed","ping_status":"closed","sticky":false,"template":"","format":"standard","meta":{"footnotes":""},"categories":[],"tags":[63984,63367,62476],"class_list":["post-76121","post","type-post","status-publish","format-standard","hentry","tag-63984","tag-moctar","tag-nouakchott"],"_links":{"self":[{"href":"https:\/\/ami.mr\/fr\/wp-json\/wp\/v2\/posts\/76121","targetHints":{"allow":["GET"]}}],"collection":[{"href":"https:\/\/ami.mr\/fr\/wp-json\/wp\/v2\/posts"}],"about":[{"href":"https:\/\/ami.mr\/fr\/wp-json\/wp\/v2\/types\/post"}],"author":[{"embeddable":true,"href":"https:\/\/ami.mr\/fr\/wp-json\/wp\/v2\/users\/1"}],"replies":[{"embeddable":true,"href":"https:\/\/ami.mr\/fr\/wp-json\/wp\/v2\/comments?post=76121"}],"version-history":[{"count":1,"href":"https:\/\/ami.mr\/fr\/wp-json\/wp\/v2\/posts\/76121\/revisions"}],"predecessor-version":[{"id":170968,"href":"https:\/\/ami.mr\/fr\/wp-json\/wp\/v2\/posts\/76121\/revisions\/170968"}],"wp:attachment":[{"href":"https:\/\/ami.mr\/fr\/wp-json\/wp\/v2\/media?parent=76121"}],"wp:term":[{"taxonomy":"category","embeddable":true,"href":"https:\/\/ami.mr\/fr\/wp-json\/wp\/v2\/categories?post=76121"},{"taxonomy":"post_tag","embeddable":true,"href":"https:\/\/ami.mr\/fr\/wp-json\/wp\/v2\/tags?post=76121"}],"curies":[{"name":"wp","href":"https:\/\/api.w.org\/{rel}","templated":true}]}}