{"id":76109,"date":"2019-06-20T12:41:11","date_gmt":"2019-06-20T12:41:11","guid":{"rendered":"http:\/\/192.168.64.2\/fr\/index.php\/2019\/06\/20\/le-candidat-mohamed-ould-cheikh-mohamed-ahmed-ould-cheikh-ghazouani-sest-felicite-du-role-joue-par-les-initiatives-qui-soutiennent-sa-candidature-aux-elections-presidentielles\/"},"modified":"2022-07-04T21:24:12","modified_gmt":"2022-07-04T21:24:12","slug":"le-candidat-mohamed-ould-cheikh-mohamed-ahmed-ould-cheikh-ghazouani-sest-felicite-du-role-joue-par-les-initiatives-qui-soutiennent-sa-candidature-aux-elections-presidentielles","status":"publish","type":"post","link":"https:\/\/ami.mr\/fr\/archives\/76109","title":{"rendered":"Le candidat Mohamed Ould Cheikh Mohamed Ahmed Ould Cheikh Ghazouani s\u2019est f\u00e9licit\u00e9 du r\u00f4le jou\u00e9 par les initiatives qui soutiennent sa candidature aux \u00e9lections pr\u00e9sidentielles"},"content":{"rendered":"<p>Le candidat Mohamed Ould Cheikh Mohamed Ahmed Ould Cheikh Ghazouani s\u2019est f\u00e9licit\u00e9, au cours d\u2019un discours qu\u2019il a prononc\u00e9 mercredi \u00e0 Nouakchott, du r\u00f4le jou\u00e9 par les initiatives qui soutiennent sa candidature aux \u00e9lections pr\u00e9sidentielles et apportent un soutien constant \u00e0 son programme.<\/p>\n<p>Il a vivement remerci\u00e9 les membres de ces initiatives, qu\u2019il a rencontr\u00e9es au palais des congr\u00e8s, pour leur soutien \u00e0 son programme saluant le dynamisme et la maturit\u00e9 des jeunes qui ont permis de cr\u00e9er de nouvelles m\u00e9thodes qui font du terrain leur domaine et de l\u2019exploitation des nouvelles technologies leur instrument.<\/p>\n<p>Le candidat a soulign\u00e9 l\u2019importante contribution des jeunes avant et au cours de la campagne dont l\u2019action collective et bien organis\u00e9e a donn\u00e9 des r\u00e9sultats palpables.<\/p>\n<p>Mohamed Ould Cheikh Mohamed Ahmed Ould Cheikh Ghazouani a dit qu\u2019il a enregistr\u00e9 avec beaucoup de satisfaction la convergence entre l\u2019appui apport\u00e9 par les jeunes des initiatives et sa vision de servir le peuple ax\u00e9e sur le d\u00e9veloppement global, la s\u00e9curit\u00e9 et la stabilit\u00e9.<\/p>\n<p>Il a enfin exhort\u00e9 les initiatives qui le soutiennent \u00e0 redoubler d\u2019efforts \u00e0 travers la sensibilisation et d\u2019explication des grandes lignes de son programme \u00e9lectoral pour assurer la victoire d\u00e8s le premier tour.<\/p>\n","protected":false},"excerpt":{"rendered":"<p>Le candidat Mohamed Ould Cheikh Mohamed Ahmed Ould Cheikh Ghazouani s\u2019est f\u00e9licit\u00e9, au cours d\u2019un discours qu\u2019il a prononc\u00e9 mercredi \u00e0 Nouakchott, du r\u00f4le jou\u00e9 par les initiatives qui soutiennent sa candidature aux \u00e9lections pr\u00e9sidentielles et apportent u<\/p>\n","protected":false},"author":1,"featured_media":0,"comment_status":"closed","ping_status":"closed","sticky":false,"template":"","format":"standard","meta":{"footnotes":""},"categories":[],"tags":[63984,62476,62748],"class_list":["post-76109","post","type-post","status-publish","format-standard","hentry","tag-63984","tag-nouakchott","tag-safiya"],"_links":{"self":[{"href":"https:\/\/ami.mr\/fr\/wp-json\/wp\/v2\/posts\/76109","targetHints":{"allow":["GET"]}}],"collection":[{"href":"https:\/\/ami.mr\/fr\/wp-json\/wp\/v2\/posts"}],"about":[{"href":"https:\/\/ami.mr\/fr\/wp-json\/wp\/v2\/types\/post"}],"author":[{"embeddable":true,"href":"https:\/\/ami.mr\/fr\/wp-json\/wp\/v2\/users\/1"}],"replies":[{"embeddable":true,"href":"https:\/\/ami.mr\/fr\/wp-json\/wp\/v2\/comments?post=76109"}],"version-history":[{"count":1,"href":"https:\/\/ami.mr\/fr\/wp-json\/wp\/v2\/posts\/76109\/revisions"}],"predecessor-version":[{"id":170956,"href":"https:\/\/ami.mr\/fr\/wp-json\/wp\/v2\/posts\/76109\/revisions\/170956"}],"wp:attachment":[{"href":"https:\/\/ami.mr\/fr\/wp-json\/wp\/v2\/media?parent=76109"}],"wp:term":[{"taxonomy":"category","embeddable":true,"href":"https:\/\/ami.mr\/fr\/wp-json\/wp\/v2\/categories?post=76109"},{"taxonomy":"post_tag","embeddable":true,"href":"https:\/\/ami.mr\/fr\/wp-json\/wp\/v2\/tags?post=76109"}],"curies":[{"name":"wp","href":"https:\/\/api.w.org\/{rel}","templated":true}]}}