{"id":76108,"date":"2019-06-20T12:17:25","date_gmt":"2019-06-20T12:17:25","guid":{"rendered":"http:\/\/192.168.64.2\/fr\/index.php\/2019\/06\/20\/le-candidat-mohamed-lemine-el-mourjeji-el-wafi-assiste-a-une-soiree-dans-lun-des-sieges-de-sa-campagne-a-tevragh-zeina-et-effectue-des-arrets-a-fdeirick-et-touajil\/"},"modified":"2022-07-04T21:24:11","modified_gmt":"2022-07-04T21:24:11","slug":"le-candidat-mohamed-lemine-el-mourjeji-el-wafi-assiste-a-une-soiree-dans-lun-des-sieges-de-sa-campagne-a-tevragh-zeina-et-effectue-des-arrets-a-fdeirick-et-touajil","status":"publish","type":"post","link":"https:\/\/ami.mr\/fr\/archives\/76108","title":{"rendered":"Le candidat Mohamed Lemine El Mourjeji El Wafi assiste \u00e0 une soir\u00e9e dans l&#8217;un des si\u00e8ges de sa campagne \u00e0 Tevragh Zeina et effectue des arr\u00eats \u00e0 F&#8217;Deirick et Touajil"},"content":{"rendered":"<p>Le candidat aux \u00e9lection pr\u00e9sidentielles de 2019, M. Mohamed Lemine El Mourteji, a assist\u00e9, mercredi soir \u00e0 une soir\u00e9e artistique organis\u00e9e par la direction de sa campagne \u00e0 Nouakchott.<\/p>\n<p>Prenant la parole \u00e0 cette occasion, le candidat a remerci\u00e9 les organisateurs de cette activit\u00e9 pour le r\u00f4le qu&#8217;ils jouent pour vulgariser son programme \u00e9lectoral dans la ville de Nouakchott en vue de convaincre les \u00e9lecteurs \u00e0 voter pour lui, le jour du scrutin.<\/p>\n<p>Il a affirm\u00e9 qu&#8217;en cas de victoire, il entamera sans tarder l&#8217;application de son programme \u00e9lectoral qui donne la priorit\u00e9, a-il dit, \u00e0 l&#8217;enseignement, \u00e0 la sant\u00e9, \u00e0 l&#8217;\u00e9conomie, aux affaires sociales et \u00e0 la s\u00e9curit\u00e9.<\/p>\n<p>Il s&#8217;est engag\u00e9, en cas de victoire, \u00e0 unifier la tenue scolaire, \u00e0 r\u00e9habiliter l&#8217;enseignant, \u00e0 s&#8217;int\u00e9resser \u00e0 la sant\u00e9, en g\u00e9n\u00e9ralisant les points de sant\u00e9 sur toute l&#8217;\u00e9tendue du territoire national, \u00e0 appuyer les jeunes, \u00e0 lutter contre le ch\u00f4mage et \u00e0 encourager la femme et \u00e0 l&#8217;associer \u00e0 l&#8217;oeuvre de construction nationale aux c\u00f4t\u00e9s de son fr\u00e8re, l&#8217;homme.<\/p>\n<p>Auparavant, le candidat avait fait des arr\u00eats \u00e0 F&#8217;Deirick et Touajil au cours desquels il a expliqu\u00e9 les grandes lignes de son programme \u00e9lectoral et \u00e9cout\u00e9 les probl\u00e8mes des populations dans ces zones, s&#8217;engageant, en cas de victoire, \u00e0 rendre disponibles l&#8217;eau et l&#8217;\u00e9lectricit\u00e9, \u00e0 g\u00e9rer rationnellement les ressources du pays et \u00e0 renforcer la d\u00e9mocratie et la justice sociale.<\/p>\n<p>Au cours de cette visite, le candidat \u00e9tait accompagn\u00e9 d&#8217;une d\u00e9l\u00e9gation de sa campagne nationale.<\/p>\n","protected":false},"excerpt":{"rendered":"<p>Le candidat aux \u00e9lection pr\u00e9sidentielles de 2019, M. Mohamed Lemine El Mourteji, a assist\u00e9, mercredi soir \u00e0 une soir\u00e9e artistique organis\u00e9e par la direction de sa campagne \u00e0 Nouakchott<\/p>\n","protected":false},"author":1,"featured_media":0,"comment_status":"closed","ping_status":"closed","sticky":false,"template":"","format":"standard","meta":{"footnotes":""},"categories":[],"tags":[63984,62476,62748],"class_list":["post-76108","post","type-post","status-publish","format-standard","hentry","tag-63984","tag-nouakchott","tag-safiya"],"_links":{"self":[{"href":"https:\/\/ami.mr\/fr\/wp-json\/wp\/v2\/posts\/76108","targetHints":{"allow":["GET"]}}],"collection":[{"href":"https:\/\/ami.mr\/fr\/wp-json\/wp\/v2\/posts"}],"about":[{"href":"https:\/\/ami.mr\/fr\/wp-json\/wp\/v2\/types\/post"}],"author":[{"embeddable":true,"href":"https:\/\/ami.mr\/fr\/wp-json\/wp\/v2\/users\/1"}],"replies":[{"embeddable":true,"href":"https:\/\/ami.mr\/fr\/wp-json\/wp\/v2\/comments?post=76108"}],"version-history":[{"count":1,"href":"https:\/\/ami.mr\/fr\/wp-json\/wp\/v2\/posts\/76108\/revisions"}],"predecessor-version":[{"id":170955,"href":"https:\/\/ami.mr\/fr\/wp-json\/wp\/v2\/posts\/76108\/revisions\/170955"}],"wp:attachment":[{"href":"https:\/\/ami.mr\/fr\/wp-json\/wp\/v2\/media?parent=76108"}],"wp:term":[{"taxonomy":"category","embeddable":true,"href":"https:\/\/ami.mr\/fr\/wp-json\/wp\/v2\/categories?post=76108"},{"taxonomy":"post_tag","embeddable":true,"href":"https:\/\/ami.mr\/fr\/wp-json\/wp\/v2\/tags?post=76108"}],"curies":[{"name":"wp","href":"https:\/\/api.w.org\/{rel}","templated":true}]}}