{"id":76102,"date":"2019-06-20T08:48:02","date_gmt":"2019-06-20T08:48:02","guid":{"rendered":"http:\/\/192.168.64.2\/fr\/index.php\/2019\/06\/20\/communique-du-conseil-des-ministres-318\/"},"modified":"2022-07-04T21:24:01","modified_gmt":"2022-07-04T21:24:01","slug":"communique-du-conseil-des-ministres-318","status":"publish","type":"post","link":"https:\/\/ami.mr\/fr\/archives\/76102","title":{"rendered":"Communiqu\u00e9 du conseil des ministres"},"content":{"rendered":"<p>Le Conseil des Ministres s&#8217;est r\u00e9uni le Jeudi 20 juin 2019 sous la pr\u00e9sidence de Son Excellence Monsieur Mohamed Ould Abdel Aziz, Pr\u00e9sident de la R\u00e9publique.<\/p>\n<p>Le Conseil a examin\u00e9 et approuv\u00e9 un projet de loi portant extension du r\u00e9gime d\u2019assurance maladie institu\u00e9 par l\u2019ordonnance n\u00b0 2005-006 du 29 septembre 2005 modifi\u00e9e, \u00e0 certaines cat\u00e9gories de la population.<\/p>\n<p>Le Conseil a \u00e9galement examin\u00e9 et adopt\u00e9 les projets de d\u00e9crets suivants :<\/p>\n<p>&#8211; Projet de d\u00e9cret portant approbation d\u2019une Convention d\u2019Etablissement entre le Gouvernement de la R\u00e9publique Islamique de Mauritanie et la Soci\u00e9t\u00e9 China Road and Bridge Corporation (CRBC).<\/p>\n<p>&#8211; Projet de d\u00e9cret portant divulgation syst\u00e9matique des donn\u00e9es relatives aux industries extractives.<\/p>\n<p>&#8211; Projet de d\u00e9cret portant approbation de l\u2019Avenant n\u00b03 au Contrat d\u2019Exploration Production portant sur le bloc C13 du bassin c\u00f4tier, sign\u00e9 le 05 avril 2012 entre l\u2019Etat Mauritanien et la soci\u00e9t\u00e9 BP Mauritania Investments Limited se substituant \u00e0 KOSMOS Energy Mauritania par contrat de cession devenu d\u00e9finitif le 29 d\u00e9cembre 2016.<\/p>\n<p>&#8211; Projet de d\u00e9cret portant cr\u00e9ation, organisation et fonctionnement du Comit\u00e9 National de Lutte Antitabac.<\/p>\n<p>&#8211; Projet de d\u00e9cret fixant le statut particulier des corps des Affaires Sociales, de l\u2019Enfance et de la Famille.<\/p>\n<p>&#8211; Projet de d\u00e9cret portant concession provisoire d\u2019un terrain \u00e0 Nouakchott -Nord, au profit de l\u2019Association des Enfants Autistes;<\/p>\n<p>&#8211; Projet de d\u00e9cret portant concession provisoire d\u2019un terrain \u00e0 Nouakchott-Nord, au profit de Ely M\u2019Nahmed LABEIDY;<\/p>\n<p>-Projet de d\u00e9cret portant concession provisoire d\u2019un terrain \u00e0 Nouakchott -Ouest, au profit de la Clinique de N\u2019Tid.<\/p>\n<p>-Projet de d\u00e9cret portant concession provisoire d\u2019un terrain \u00e0 Keurmac\u00e8ne, Wilaya du Trarza, au profit du Groupement Sahily pour l\u2019Elevage et l\u2019Agriculture \u00ab Sneiba et Fils \u00bb SARL.<\/p>\n<p>Inform\u00e9 des r\u00e9sultats de la visite effectu\u00e9e par son Excellence le Pr\u00e9sident de la R\u00e9publique le 19 juin 2019 dans la wilaya du Trarza, le Conseil des Ministres a adress\u00e9 ses remerciements et ses vives f\u00e9licitations aux populations de cette wilaya ainsi qu&#8217;\u00e0 celles de la Wilaya du Brakna, pour la grande mobilisation et la chaleur de l&#8217;accueil r\u00e9serv\u00e9 au Pr\u00e9sident de la R\u00e9publique ainsi qu&#8217;\u00e0 la d\u00e9l\u00e9gation qui l&#8217;accompagnait au cours de cette importante visite durant laquelle il a proc\u00e9d\u00e9 \u00e0 l&#8217;inauguration, au lancement et au suivi de grands projets de d\u00e9veloppement.<\/p>\n<p>Le Ministre des Affaires Etrang\u00e8res et de la Coop\u00e9ration a pr\u00e9sent\u00e9 une communication relative \u00e0 la situation internationale.<\/p>\n<p>Le Ministre de l\u2019Int\u00e9rieur et de la D\u00e9centralisation a pr\u00e9sent\u00e9 une communication relative \u00e0 la situation int\u00e9rieure.<\/p>\n<p>Le Ministre de l\u2019Economie et des Finances a pr\u00e9sent\u00e9 une communication relative \u00e0 l\u2019ex\u00e9cution de la feuille de route des r\u00e9formes \u00ab Doing Business \u00bb 2019-2020.<\/p>\n","protected":false},"excerpt":{"rendered":"<p>Le Conseil des Ministres s&#8217;est r\u00e9uni le Jeudi 20 juin 2019 sous la pr\u00e9sidence de Son Excellence Monsieur Mohamed Ould Abdel Aziz, Pr\u00e9sident de la R\u00e9publique.<\/p>\n<p>Le Conseil a examin\u00e9 et approuv\u00e9 un projet de loi portant extension du r\u00e9gime d\u2019assurance mala<\/p>\n","protected":false},"author":1,"featured_media":170950,"comment_status":"closed","ping_status":"closed","sticky":false,"template":"","format":"standard","meta":{"footnotes":""},"categories":[],"tags":[63991,62985,62476,62753],"class_list":["post-76102","post","type-post","status-publish","format-standard","has-post-thumbnail","hentry","tag-activites-presidentielles","tag-nafa","tag-nouakchott","tag-rabani"],"_links":{"self":[{"href":"https:\/\/ami.mr\/fr\/wp-json\/wp\/v2\/posts\/76102","targetHints":{"allow":["GET"]}}],"collection":[{"href":"https:\/\/ami.mr\/fr\/wp-json\/wp\/v2\/posts"}],"about":[{"href":"https:\/\/ami.mr\/fr\/wp-json\/wp\/v2\/types\/post"}],"author":[{"embeddable":true,"href":"https:\/\/ami.mr\/fr\/wp-json\/wp\/v2\/users\/1"}],"replies":[{"embeddable":true,"href":"https:\/\/ami.mr\/fr\/wp-json\/wp\/v2\/comments?post=76102"}],"version-history":[{"count":1,"href":"https:\/\/ami.mr\/fr\/wp-json\/wp\/v2\/posts\/76102\/revisions"}],"predecessor-version":[{"id":170949,"href":"https:\/\/ami.mr\/fr\/wp-json\/wp\/v2\/posts\/76102\/revisions\/170949"}],"wp:featuredmedia":[{"embeddable":true,"href":"https:\/\/ami.mr\/fr\/wp-json\/wp\/v2\/media\/170950"}],"wp:attachment":[{"href":"https:\/\/ami.mr\/fr\/wp-json\/wp\/v2\/media?parent=76102"}],"wp:term":[{"taxonomy":"category","embeddable":true,"href":"https:\/\/ami.mr\/fr\/wp-json\/wp\/v2\/categories?post=76102"},{"taxonomy":"post_tag","embeddable":true,"href":"https:\/\/ami.mr\/fr\/wp-json\/wp\/v2\/tags?post=76102"}],"curies":[{"name":"wp","href":"https:\/\/api.w.org\/{rel}","templated":true}]}}