{"id":76098,"date":"2019-06-19T22:00:23","date_gmt":"2019-06-19T22:00:23","guid":{"rendered":"http:\/\/192.168.64.2\/fr\/index.php\/2019\/06\/19\/le-candidat-biram-dah-abeid-preside-un-meeting-electoral-a-kankossa\/"},"modified":"2022-07-04T21:23:53","modified_gmt":"2022-07-04T21:23:53","slug":"le-candidat-biram-dah-abeid-preside-un-meeting-electoral-a-kankossa","status":"publish","type":"post","link":"https:\/\/ami.mr\/fr\/archives\/76098","title":{"rendered":"Le candidat Biram Dah Abeid pr\u00e9side un meeting \u00e9lectoral \u00e0 Kankossa"},"content":{"rendered":"<p>Le candidat \u00e0 la pr\u00e9sidentielle de 2019 Biram Dah Abeid a indiqu\u00e9 qu\u2019il est devenu plus d\u00e9cid\u00e9 que jamais \u00e0 provoquer le changement dans le pays apr\u00e8s s\u2019\u00eatre enquis de la situation catastrophique des populations de la Chamama.<\/p>\n<p>Il a, dans un mot pour la circonstance, au cours du meeting tenu par la direction de sa campagne au niveau de la wilaya de l\u2019Assaba mardi soir \u00e0 Kankossa, affirm\u00e9 qu\u2019en cas de succ\u00e8s, il va mettre fin aux souffrances de ces citoyens qui sont dans le d\u00e9nuement, selon lui, \u00e0 travers le d\u00e9senclavement de leurs zones et l\u2019offre d\u2019eau potable ainsi que l\u2019emploi de leurs jeunes en plus de la distribution de micro et moyens projets g\u00e9n\u00e9rateurs de revenus.<\/p>\n<p>M. Biram Dah Abeid a ajout\u00e9 qu\u2019il \u0153uvrera \u00e0 relever le niveau des prestations sanitaires et de l\u2019enseignement ainsi que celles de l\u2019environnement que pr\u00e9sente l\u2019Etat \u00e0 ces citoyens, notant qu\u2019il est de leur droit de tirer profit des ressources de leur pays comme les autres citoyens des autres r\u00e9gions.<\/p>\n<p>Le candidat a pr\u00e9cis\u00e9 que \u00ab l\u2019\u00e9quit\u00e9 dans la r\u00e9partition des richesses, la transparence et l\u2019\u00e9galit\u00e9 en droits et en devoirs doivent \u00eatre les seuls crit\u00e8res aptes \u00e0 \u00eatre pris en compte pour r\u00e9tablir les droits des plus faibles et lever l\u2019injustice.\u00bb<\/p>\n<p>Le candidat avait effectu\u00e9 plusieurs arr\u00eats dans des villes et villages \u00e0 Soufa, Laoueissy, Guill\u00e9r\u00e9, Bark\u00e9ol, Boulahrath et Bourate o\u00f9 ses sympathisants lui ont r\u00e9serv\u00e9, dans ces \u00e9tapes, des accueils populaires et des marches au cours desquels le candidat a exhort\u00e9 l\u2019assistance \u00e0 \u0153uvrer pour que les populations veillent \u00e0 voter convenablement et de mani\u00e8re juste et bien retenir le num\u00e9ro sur la liste et le slogan du candidat et \u00e0 affluer le jour du scrutin.<\/p>\n<p>Ces rassemblements se sont d\u00e9roul\u00e9s en pr\u00e9sence du directeur de la campagne au niveau de l&#8217;Assaba, plusieurs membres de son staff de campagne ainsi que des notables des zones visit\u00e9es.<\/p>\n","protected":false},"excerpt":{"rendered":"<p>Le candidat \u00e0 la pr\u00e9sidentielle de 2019 Biram Dah Abeid a indiqu\u00e9 qu\u2019il est devenu plus d\u00e9cid\u00e9 que jamais \u00e0 provoquer le changement dans le pays apr\u00e8s s\u2019\u00eatre enquis de la situation catastrophique des populations de la Chamama<\/p>\n","protected":false},"author":1,"featured_media":170946,"comment_status":"closed","ping_status":"closed","sticky":false,"template":"","format":"standard","meta":{"footnotes":""},"categories":[],"tags":[63984,62504,63367,63478],"class_list":["post-76098","post","type-post","status-publish","format-standard","has-post-thumbnail","hentry","tag-63984","tag-kankossa","tag-moctar","tag-syde"],"_links":{"self":[{"href":"https:\/\/ami.mr\/fr\/wp-json\/wp\/v2\/posts\/76098","targetHints":{"allow":["GET"]}}],"collection":[{"href":"https:\/\/ami.mr\/fr\/wp-json\/wp\/v2\/posts"}],"about":[{"href":"https:\/\/ami.mr\/fr\/wp-json\/wp\/v2\/types\/post"}],"author":[{"embeddable":true,"href":"https:\/\/ami.mr\/fr\/wp-json\/wp\/v2\/users\/1"}],"replies":[{"embeddable":true,"href":"https:\/\/ami.mr\/fr\/wp-json\/wp\/v2\/comments?post=76098"}],"version-history":[{"count":1,"href":"https:\/\/ami.mr\/fr\/wp-json\/wp\/v2\/posts\/76098\/revisions"}],"predecessor-version":[{"id":170945,"href":"https:\/\/ami.mr\/fr\/wp-json\/wp\/v2\/posts\/76098\/revisions\/170945"}],"wp:featuredmedia":[{"embeddable":true,"href":"https:\/\/ami.mr\/fr\/wp-json\/wp\/v2\/media\/170946"}],"wp:attachment":[{"href":"https:\/\/ami.mr\/fr\/wp-json\/wp\/v2\/media?parent=76098"}],"wp:term":[{"taxonomy":"category","embeddable":true,"href":"https:\/\/ami.mr\/fr\/wp-json\/wp\/v2\/categories?post=76098"},{"taxonomy":"post_tag","embeddable":true,"href":"https:\/\/ami.mr\/fr\/wp-json\/wp\/v2\/tags?post=76098"}],"curies":[{"name":"wp","href":"https:\/\/api.w.org\/{rel}","templated":true}]}}