{"id":75842,"date":"2019-06-09T10:32:21","date_gmt":"2019-06-09T10:32:21","guid":{"rendered":"http:\/\/192.168.64.2\/fr\/index.php\/2019\/06\/09\/le-candidat-aux-presidentielles-birama-ould-dah-dah-abeide-preside-un-meeting-a-aioun\/"},"modified":"2022-07-04T21:17:01","modified_gmt":"2022-07-04T21:17:01","slug":"le-candidat-aux-presidentielles-birama-ould-dah-dah-abeide-preside-un-meeting-a-aioun","status":"publish","type":"post","link":"https:\/\/ami.mr\/fr\/archives\/75842","title":{"rendered":"Le candidat aux pr\u00e9sidentielles Birama Ould Dah Dah Abeide pr\u00e9side un meeting \u00e0 A\u00efoun"},"content":{"rendered":"<p>Le candidat aux \u00e9lections pr\u00e9sidentielles 2019, M. Barima Ould Dah Dah Abeid a pr\u00e9sid\u00e9, samedi soir \u00e0 A\u00efoun, un meeting \u00e9lectoral au cours duquel il a abord\u00e9 les probl\u00e8mes du pays et sa vision pour leur trouver des solutions, s\u2019il est \u00e9lu.<\/p>\n<p>Le candidat a remerci\u00e9 au d\u00e9but de son intervention les habitants de la ville et les localit\u00e9s avoisinantes pour leur pr\u00e9sence et leur soutien avant de souhaiter voir des \u00e9lections apais\u00e9es qui vont d\u00e9barrasser la Mauritanie de ce qu\u2019il qualifie de r\u00e9gime d\u2019injustice, de corruption et de pillage des ressources du peuple.<\/p>\n<p>Il a pr\u00e9cis\u00e9 que les populations font face aux hausses des prix, \u00e0 la baisse du niveau de l\u2019\u00e9ducation, \u00e0 l\u2019absence de services de sant\u00e9, de routes, \u00e0 un taux de ch\u00f4mage \u00e9lev\u00e9 et \u00e0 des salaires bas pour la grande majorit\u00e9 des citoyens alors qu\u2019une minorit\u00e9 a profit\u00e9 de tous les r\u00e9gimes et par tous les moyens.<\/p>\n<p>M.Birama Ould Dah Dah Abeid a aussi affirm\u00e9 que c\u2019est le r\u00e9gime qui a enracin\u00e9 le racisme et non le simple citoyen avant de souligner qu\u2019il continuera \u00e0 d\u00e9fendre tous les citoyens opprim\u00e9s.<\/p>\n<p>Le candidat a \u00e9galement assur\u00e9 que son projet concerne le peuple et ses int\u00e9r\u00eats parce qu\u2019il cherche \u00e0 \u00e9liminer l\u2019injustice et \u00e0 rendre au peuple mauritanien ses droits sans exception ni distinction. Il a enfin exhort\u00e9 ses partisans \u00e0 soutenir son combat contre les politiques s\u00e9gr\u00e9gationnistes, de marginalisation, de mensonge et de flatterie politique des r\u00e9gimes.<\/p>\n<p>Les cadres de la campagne du candidat et ses sympathisants avaient pris la parole auparavant pour pr\u00e9senter la situation du pays et affirmer que M Birama Dah Dah Abeid est le seul qui peut rendre justice aux marginalis\u00e9s.<\/p>\n","protected":false},"excerpt":{"rendered":"<p>Le candidat aux \u00e9lections pr\u00e9sidentielles 2019, M. Barima Ould Dah Dah Abeid a pr\u00e9sid\u00e9, samedi soir \u00e0 A\u00efoun, un meeting \u00e9lectoral au cours duquel il a abord\u00e9 les probl\u00e8mes du pays et sa vision pour leur trouver des solutions, s\u2019il est \u00e9lu<\/p>\n","protected":false},"author":1,"featured_media":170690,"comment_status":"closed","ping_status":"closed","sticky":false,"template":"","format":"standard","meta":{"footnotes":""},"categories":[],"tags":[63984,62483,62985,62753],"class_list":["post-75842","post","type-post","status-publish","format-standard","has-post-thumbnail","hentry","tag-63984","tag-aioun","tag-nafa","tag-rabani"],"_links":{"self":[{"href":"https:\/\/ami.mr\/fr\/wp-json\/wp\/v2\/posts\/75842","targetHints":{"allow":["GET"]}}],"collection":[{"href":"https:\/\/ami.mr\/fr\/wp-json\/wp\/v2\/posts"}],"about":[{"href":"https:\/\/ami.mr\/fr\/wp-json\/wp\/v2\/types\/post"}],"author":[{"embeddable":true,"href":"https:\/\/ami.mr\/fr\/wp-json\/wp\/v2\/users\/1"}],"replies":[{"embeddable":true,"href":"https:\/\/ami.mr\/fr\/wp-json\/wp\/v2\/comments?post=75842"}],"version-history":[{"count":1,"href":"https:\/\/ami.mr\/fr\/wp-json\/wp\/v2\/posts\/75842\/revisions"}],"predecessor-version":[{"id":170689,"href":"https:\/\/ami.mr\/fr\/wp-json\/wp\/v2\/posts\/75842\/revisions\/170689"}],"wp:featuredmedia":[{"embeddable":true,"href":"https:\/\/ami.mr\/fr\/wp-json\/wp\/v2\/media\/170690"}],"wp:attachment":[{"href":"https:\/\/ami.mr\/fr\/wp-json\/wp\/v2\/media?parent=75842"}],"wp:term":[{"taxonomy":"category","embeddable":true,"href":"https:\/\/ami.mr\/fr\/wp-json\/wp\/v2\/categories?post=75842"},{"taxonomy":"post_tag","embeddable":true,"href":"https:\/\/ami.mr\/fr\/wp-json\/wp\/v2\/tags?post=75842"}],"curies":[{"name":"wp","href":"https:\/\/api.w.org\/{rel}","templated":true}]}}